{"id":134629,"date":"2019-02-24T06:00:47","date_gmt":"2019-02-24T09:00:47","guid":{"rendered":"https:\/\/diarioregionaldigital.com.br\/?p=134629"},"modified":"2019-02-22T20:48:58","modified_gmt":"2019-02-22T23:48:58","slug":"sucesso-15","status":"publish","type":"post","link":"https:\/\/diarioregionaldigital.com.br\/?p=134629","title":{"rendered":"Sucesso"},"content":{"rendered":"<p style=\"text-align: center;\"><strong>Batuque<\/strong><\/p>\n<p style=\"text-align: center;\">No domingo, 24, \u00e0s 11h, as Guerreiras de Clara entram em cena na programa\u00e7\u00e3o de carnaval do Museu Mariano Proc\u00f3pio. O grupo, conhecido pelas releituras de can\u00e7\u00f5es em homenagem a Clara Nunes, \u00e9 um sucesso.<\/p>\n<p style=\"text-align: center;\"><strong>Calend\u00e1rio<\/strong><\/p>\n<p style=\"text-align: center;\">Esperado ansiosamente, a Funalfa come\u00e7ou a vender em sua sede no Centro de Juiz de Fora o famoso Calend\u00e1rio para 2019. Ilustrado com ensaio fotogr\u00e1fico no Pa\u00e7o Municipal, cujo centen\u00e1rio foi comemorado em 2018, a pe\u00e7a est\u00e1 a venda por R$10. O calend\u00e1rio 2019 da Funalfa \u00e9 composto por fotografias dos artistas Karolina Vargas, Polyana Matozinhos e Amaro Baptista, do Magenta Studio, que retrataram os bailarinos do Grupo NUN nas depend\u00eancia do Pa\u00e7o Municipal.<\/p>\n<p style=\"text-align: center;\"><strong>Empreendimento<\/strong><\/p>\n<p style=\"text-align: center;\">Expectativa em Juiz de Fora para o lan\u00e7amento do mega empreendimento que est\u00e1 transformando as antigas instala\u00e7\u00f5es do Moinho Vera Cruz no maior shopping a c\u00e9u aberto da regi\u00e3o. Localizado na zona norte, o projeto inclui residence service, centro m\u00e9dico, coworking, academia de gin\u00e1stica com espa\u00e7o de 1200m\u00b2 e um espa\u00e7o restaurante.<\/p>\n<p style=\"text-align: center;\"><strong>Sucesso <\/strong><\/p>\n<p style=\"text-align: center;\">Com fino coquetel, a maquiadora Jack Nogueira recebeu gente bonita e antenada para o lan\u00e7amento do cat\u00e1logo 2019. As bel\u00edssimas fotos s\u00e3o de Betto Lopes, que partiu para morar em Santa Catarina.<\/p>\n<p style=\"text-align: center;\"><strong>Folia<\/strong><\/p>\n<p style=\"text-align: center;\">Com muito confete e serpentina, acontece no domingo, 24, o 1\u00ba Trade Folia Kids, a partir das 16h no Trade Hotel. Haver\u00e1 show infantil com Trupicada e muita divers\u00e3o para a garotada e para os adultos tamb\u00e9m.<\/p>\n<div id=\"attachment_134536\" style=\"width: 690px\" class=\"wp-caption aligncenter\"><img loading=\"lazy\" decoding=\"async\" aria-describedby=\"caption-attachment-134536\" class=\"wp-image-134536\" src=\"https:\/\/diarioregionaldigital.com.br\/wp-content\/uploads\/2019\/02\/fotoaa-8-e1550878559846.jpg\" alt=\"\" width=\"680\" height=\"501\" srcset=\"https:\/\/diarioregionaldigital.com.br\/wp-content\/uploads\/2019\/02\/fotoaa-8-e1550878559846.jpg 950w, https:\/\/diarioregionaldigital.com.br\/wp-content\/uploads\/2019\/02\/fotoaa-8-e1550878559846-300x221.jpg 300w, https:\/\/diarioregionaldigital.com.br\/wp-content\/uploads\/2019\/02\/fotoaa-8-e1550878559846-768x566.jpg 768w, https:\/\/diarioregionaldigital.com.br\/wp-content\/uploads\/2019\/02\/fotoaa-8-e1550878559846-360x265.jpg 360w\" sizes=\"auto, (max-width: 680px) 100vw, 680px\" \/><p id=\"caption-attachment-134536\" class=\"wp-caption-text\">Na By Candy nos preparativos para o carnaval, Nayane Neto, Eduardo Gomes, Nayara Neto<\/p><\/div>\n<div id=\"attachment_134535\" style=\"width: 690px\" class=\"wp-caption aligncenter\"><img loading=\"lazy\" decoding=\"async\" aria-describedby=\"caption-attachment-134535\" class=\"wp-image-134535\" src=\"https:\/\/diarioregionaldigital.com.br\/wp-content\/uploads\/2019\/02\/fotoj-9.jpg\" alt=\"\" width=\"680\" height=\"375\" srcset=\"https:\/\/diarioregionaldigital.com.br\/wp-content\/uploads\/2019\/02\/fotoj-9.jpg 1698w, https:\/\/diarioregionaldigital.com.br\/wp-content\/uploads\/2019\/02\/fotoj-9-300x165.jpg 300w, https:\/\/diarioregionaldigital.com.br\/wp-content\/uploads\/2019\/02\/fotoj-9-768x423.jpg 768w, https:\/\/diarioregionaldigital.com.br\/wp-content\/uploads\/2019\/02\/fotoj-9-1024x564.jpg 1024w, https:\/\/diarioregionaldigital.com.br\/wp-content\/uploads\/2019\/02\/fotoj-9-360x198.jpg 360w\" sizes=\"auto, (max-width: 680px) 100vw, 680px\" \/><p id=\"caption-attachment-134535\" class=\"wp-caption-text\">No Bloco da Imprensa no Caminho da Ro\u00e7a, os queridos Zilvam Martins, Beatriz Inhudes, Gracielle Nocelli, J\u00falia Pessoa, Phillipe Almeida e Luis Felipe Falc\u00e3o com grupo animado<\/p><\/div>\n<div id=\"attachment_134538\" style=\"width: 690px\" class=\"wp-caption aligncenter\"><img loading=\"lazy\" decoding=\"async\" aria-describedby=\"caption-attachment-134538\" class=\"wp-image-134538\" src=\"https:\/\/diarioregionaldigital.com.br\/wp-content\/uploads\/2019\/02\/fotobb-5.jpg\" alt=\"\" width=\"680\" height=\"483\" srcset=\"https:\/\/diarioregionaldigital.com.br\/wp-content\/uploads\/2019\/02\/fotobb-5.jpg 844w, https:\/\/diarioregionaldigital.com.br\/wp-content\/uploads\/2019\/02\/fotobb-5-300x213.jpg 300w, https:\/\/diarioregionaldigital.com.br\/wp-content\/uploads\/2019\/02\/fotobb-5-768x546.jpg 768w, https:\/\/diarioregionaldigital.com.br\/wp-content\/uploads\/2019\/02\/fotobb-5-360x256.jpg 360w, https:\/\/diarioregionaldigital.com.br\/wp-content\/uploads\/2019\/02\/fotobb-5-100x70.jpg 100w\" sizes=\"auto, (max-width: 680px) 100vw, 680px\" \/><p id=\"caption-attachment-134538\" class=\"wp-caption-text\">No Mr. Pina do Independ\u00eancia Shopping nos preparativos para Mr. Juiz de Fora, Vitor Oliveira e Felipe Zancanella<\/p><\/div>\n<div id=\"attachment_134540\" style=\"width: 690px\" class=\"wp-caption aligncenter\"><img loading=\"lazy\" decoding=\"async\" aria-describedby=\"caption-attachment-134540\" class=\"wp-image-134540\" src=\"https:\/\/diarioregionaldigital.com.br\/wp-content\/uploads\/2019\/02\/fotod-12-e1550878682663.jpg\" alt=\"\" width=\"680\" height=\"706\" srcset=\"https:\/\/diarioregionaldigital.com.br\/wp-content\/uploads\/2019\/02\/fotod-12-e1550878682663.jpg 1175w, https:\/\/diarioregionaldigital.com.br\/wp-content\/uploads\/2019\/02\/fotod-12-e1550878682663-289x300.jpg 289w, https:\/\/diarioregionaldigital.com.br\/wp-content\/uploads\/2019\/02\/fotod-12-e1550878682663-768x797.jpg 768w, https:\/\/diarioregionaldigital.com.br\/wp-content\/uploads\/2019\/02\/fotod-12-e1550878682663-986x1024.jpg 986w, https:\/\/diarioregionaldigital.com.br\/wp-content\/uploads\/2019\/02\/fotod-12-e1550878682663-360x374.jpg 360w\" sizes=\"auto, (max-width: 680px) 100vw, 680px\" \/><p id=\"caption-attachment-134540\" class=\"wp-caption-text\">Ju Nega paparicando este colunista em tarde de festa<\/p><\/div>\n<div id=\"attachment_134542\" style=\"width: 690px\" class=\"wp-caption aligncenter\"><img loading=\"lazy\" decoding=\"async\" aria-describedby=\"caption-attachment-134542\" class=\"wp-image-134542\" src=\"https:\/\/diarioregionaldigital.com.br\/wp-content\/uploads\/2019\/02\/fotof-13-e1550878713957.jpg\" alt=\"\" width=\"680\" height=\"523\" srcset=\"https:\/\/diarioregionaldigital.com.br\/wp-content\/uploads\/2019\/02\/fotof-13-e1550878713957.jpg 1168w, https:\/\/diarioregionaldigital.com.br\/wp-content\/uploads\/2019\/02\/fotof-13-e1550878713957-300x231.jpg 300w, https:\/\/diarioregionaldigital.com.br\/wp-content\/uploads\/2019\/02\/fotof-13-e1550878713957-768x590.jpg 768w, https:\/\/diarioregionaldigital.com.br\/wp-content\/uploads\/2019\/02\/fotof-13-e1550878713957-1024x787.jpg 1024w, https:\/\/diarioregionaldigital.com.br\/wp-content\/uploads\/2019\/02\/fotof-13-e1550878713957-360x277.jpg 360w\" sizes=\"auto, (max-width: 680px) 100vw, 680px\" \/><p id=\"caption-attachment-134542\" class=\"wp-caption-text\">Na Festa Fresh no Privil\u00e8ge, os capotantes, Daniel Marques, Luan Ottoni Lokkerbol e Leandro Calixto<\/p><\/div>\n<div id=\"attachment_134537\" style=\"width: 690px\" class=\"wp-caption aligncenter\"><img loading=\"lazy\" decoding=\"async\" aria-describedby=\"caption-attachment-134537\" class=\"wp-image-134537\" src=\"https:\/\/diarioregionaldigital.com.br\/wp-content\/uploads\/2019\/02\/fotob-11-e1550878591367.jpg\" alt=\"\" width=\"680\" height=\"632\" srcset=\"https:\/\/diarioregionaldigital.com.br\/wp-content\/uploads\/2019\/02\/fotob-11-e1550878591367.jpg 1188w, https:\/\/diarioregionaldigital.com.br\/wp-content\/uploads\/2019\/02\/fotob-11-e1550878591367-300x279.jpg 300w, https:\/\/diarioregionaldigital.com.br\/wp-content\/uploads\/2019\/02\/fotob-11-e1550878591367-768x714.jpg 768w, https:\/\/diarioregionaldigital.com.br\/wp-content\/uploads\/2019\/02\/fotob-11-e1550878591367-1024x952.jpg 1024w, https:\/\/diarioregionaldigital.com.br\/wp-content\/uploads\/2019\/02\/fotob-11-e1550878591367-360x335.jpg 360w\" sizes=\"auto, (max-width: 680px) 100vw, 680px\" \/><p id=\"caption-attachment-134537\" class=\"wp-caption-text\">Esperando o carnaval chegar, o bonit\u00e3o Yuri Rinco<\/p><\/div>\n<div id=\"attachment_134539\" style=\"width: 690px\" class=\"wp-caption aligncenter\"><img loading=\"lazy\" decoding=\"async\" aria-describedby=\"caption-attachment-134539\" class=\"wp-image-134539\" src=\"https:\/\/diarioregionaldigital.com.br\/wp-content\/uploads\/2019\/02\/fotoc-11-e1550878643906.jpg\" alt=\"\" width=\"680\" height=\"550\" srcset=\"https:\/\/diarioregionaldigital.com.br\/wp-content\/uploads\/2019\/02\/fotoc-11-e1550878643906.jpg 1173w, https:\/\/diarioregionaldigital.com.br\/wp-content\/uploads\/2019\/02\/fotoc-11-e1550878643906-300x242.jpg 300w, https:\/\/diarioregionaldigital.com.br\/wp-content\/uploads\/2019\/02\/fotoc-11-e1550878643906-768x621.jpg 768w, https:\/\/diarioregionaldigital.com.br\/wp-content\/uploads\/2019\/02\/fotoc-11-e1550878643906-1024x828.jpg 1024w, https:\/\/diarioregionaldigital.com.br\/wp-content\/uploads\/2019\/02\/fotoc-11-e1550878643906-360x291.jpg 360w\" sizes=\"auto, (max-width: 680px) 100vw, 680px\" \/><p id=\"caption-attachment-134539\" class=\"wp-caption-text\">O barman maior de Juiz de Fora posou no Morro do Imperador, Henrique Passos Miguel<\/p><\/div>\n<div id=\"attachment_134534\" style=\"width: 690px\" class=\"wp-caption aligncenter\"><img loading=\"lazy\" decoding=\"async\" aria-describedby=\"caption-attachment-134534\" class=\"wp-image-134534\" src=\"https:\/\/diarioregionaldigital.com.br\/wp-content\/uploads\/2019\/02\/fotoi-10.jpg\" alt=\"\" width=\"680\" height=\"445\" srcset=\"https:\/\/diarioregionaldigital.com.br\/wp-content\/uploads\/2019\/02\/fotoi-10.jpg 1770w, https:\/\/diarioregionaldigital.com.br\/wp-content\/uploads\/2019\/02\/fotoi-10-300x196.jpg 300w, https:\/\/diarioregionaldigital.com.br\/wp-content\/uploads\/2019\/02\/fotoi-10-768x502.jpg 768w, https:\/\/diarioregionaldigital.com.br\/wp-content\/uploads\/2019\/02\/fotoi-10-1024x670.jpg 1024w, https:\/\/diarioregionaldigital.com.br\/wp-content\/uploads\/2019\/02\/fotoi-10-360x236.jpg 360w\" sizes=\"auto, (max-width: 680px) 100vw, 680px\" \/><p id=\"caption-attachment-134534\" class=\"wp-caption-text\">Na MultSa\u00fade em Matias Barbosa, os empreendedores do aqui e agora: Marcelle Oliveira (presidente), Vinicius Menezes, Malena Almeida e Jo\u00e3o Caram<\/p><\/div>\n<div id=\"attachment_134533\" style=\"width: 690px\" class=\"wp-caption aligncenter\"><img loading=\"lazy\" decoding=\"async\" aria-describedby=\"caption-attachment-134533\" class=\"wp-image-134533\" src=\"https:\/\/diarioregionaldigital.com.br\/wp-content\/uploads\/2019\/02\/fotoh-11-e1550878516662.jpg\" alt=\"\" width=\"680\" height=\"629\" srcset=\"https:\/\/diarioregionaldigital.com.br\/wp-content\/uploads\/2019\/02\/fotoh-11-e1550878516662.jpg 1162w, https:\/\/diarioregionaldigital.com.br\/wp-content\/uploads\/2019\/02\/fotoh-11-e1550878516662-300x277.jpg 300w, https:\/\/diarioregionaldigital.com.br\/wp-content\/uploads\/2019\/02\/fotoh-11-e1550878516662-768x710.jpg 768w, https:\/\/diarioregionaldigital.com.br\/wp-content\/uploads\/2019\/02\/fotoh-11-e1550878516662-1024x946.jpg 1024w, https:\/\/diarioregionaldigital.com.br\/wp-content\/uploads\/2019\/02\/fotoh-11-e1550878516662-360x333.jpg 360w\" sizes=\"auto, (max-width: 680px) 100vw, 680px\" \/><p id=\"caption-attachment-134533\" class=\"wp-caption-text\">Lindos e maravilhosos em tarde de samba no Trade Hotel, Erika Beire e Gustavo Anthony<\/p><\/div>\n<div id=\"attachment_134532\" style=\"width: 690px\" class=\"wp-caption aligncenter\"><img loading=\"lazy\" decoding=\"async\" aria-describedby=\"caption-attachment-134532\" class=\"wp-image-134532\" src=\"https:\/\/diarioregionaldigital.com.br\/wp-content\/uploads\/2019\/02\/fotog-12.jpg\" alt=\"\" width=\"680\" height=\"449\" srcset=\"https:\/\/diarioregionaldigital.com.br\/wp-content\/uploads\/2019\/02\/fotog-12.jpg 1764w, https:\/\/diarioregionaldigital.com.br\/wp-content\/uploads\/2019\/02\/fotog-12-300x198.jpg 300w, https:\/\/diarioregionaldigital.com.br\/wp-content\/uploads\/2019\/02\/fotog-12-768x507.jpg 768w, https:\/\/diarioregionaldigital.com.br\/wp-content\/uploads\/2019\/02\/fotog-12-1024x676.jpg 1024w, https:\/\/diarioregionaldigital.com.br\/wp-content\/uploads\/2019\/02\/fotog-12-1440x950.jpg 1440w, https:\/\/diarioregionaldigital.com.br\/wp-content\/uploads\/2019\/02\/fotog-12-360x238.jpg 360w\" sizes=\"auto, (max-width: 680px) 100vw, 680px\" \/><p id=\"caption-attachment-134532\" class=\"wp-caption-text\">No Trade Hotel no Bloco Nega Maria, Lecy do Samba, Z\u00e9 Kodak e Erika Salazar<\/p><\/div>\n<p style=\"text-align: center;\"><strong>FOTOSS\u00cdNTESE<\/strong><\/p>\n<p>Em ritmo de sa\u00fade infantil, o pediatra Luciano Jos\u00e9 Fontes de Oliveira assina o artigo \u201cAbordagem diagn\u00f3stica da hipertens\u00e3o arterial\u201d no livro Temas Essenciais em Puericultura, com selo da Editora UFJF.<\/p>\n<p>Marcando presen\u00e7a no almo\u00e7o mineiro com direito a sambinha com Armando Aguiar (Mam\u00e3o), os queridos juiz-foranos, Patr\u00edcia Caniato e Telekete, Andr\u00e9ia Pereira e Armando J\u00fanior. O cen\u00e1rio foi Lima Duarte (MG), com o batuque de Maira Delgado.<\/p>\n<p>Fazendo a linha bonit\u00e3o, o ator e modelo juiz-forano Lucas Malvacini est\u00e1 no elenco da novela global \u201cVer\u00e3o 90\u201d. Ele interpreta Edinho um \u2018barman\u2019 da boate Dr. Spock.<\/p>\n<p>S\u00e9rgio e Sandra Carrato, Erika Beire, Fabio Esteves, Erika Duarte Neto Miana e Felipe Augusto Miana, Ana Paula Calixto, Michele dos Santos, Veru Campos, Ivanir e Carlos Alberto Ferreira, Silvio Romero Dutra e Wania Mergh e o presidente S\u00e9rgio Garcia marcaram presen\u00e7a no churrasco pr\u00e9-carnavalesco do Clube D. Pedro II. Para animar, o bloco Batucada de Rua, Nascimento e Banda e o DJ Marquinhos Vov\u00f4. Para beber, o super chope da Antu\u00e9rpia.<\/p>\n<p>Din\u00e2mico e atuante, o professor e consultor em gest\u00e3o empresarial S\u00e9rgio Milton Rincon Munhoz vai dar uma bela palestra dia 26, na aula inaugural do CES\/JF.<br \/>\nAgendado para 9 de mar\u00e7o, no Parque Halfeld, o Encontro de Carros Antigos da AVA. Na coordena\u00e7\u00e3o o gente boa Jorge (Borboleta) Levi.<\/p>\n<p>A \u00c1gua Santa na BR-040 em Matias Barbosa ser\u00e1 cen\u00e1rio no dia 16 de mar\u00e7o, de 20h \u00e0s 01h, para o evento Santo Encontro. No palco, DJ Darlan, Samba do Miranda com Thiago Miranda e Thomaz Guedes.<br \/>\nPensando que j\u00e1 \u00e9 hora de enxugar, o pre\u00e7o da latinha de cerveja (pequena) pode chegar at\u00e9 a 10 reais, nos eventos pr\u00e9-carnavalescos em Juiz de Fora. \u00d4 louco!!!<\/p>\n<p>Para captar &amp; ficar alerta: Voltou a moda em JF a presen\u00e7a de pitbulls nos blocos pr\u00e9-carnavalescos da cidade. Para quem n\u00e3o sabe, s\u00e3o jovens rebeldes, violentos e sem no\u00e7\u00e3o. Bom dia!<\/p>\n<p><img loading=\"lazy\" decoding=\"async\" class=\"aligncenter size-full wp-image-133259\" src=\"https:\/\/diarioregionaldigital.com.br\/wp-content\/uploads\/2019\/02\/Fashion_6x15.jpg\" alt=\"\" width=\"3484\" height=\"1772\" srcset=\"https:\/\/diarioregionaldigital.com.br\/wp-content\/uploads\/2019\/02\/Fashion_6x15.jpg 3484w, https:\/\/diarioregionaldigital.com.br\/wp-content\/uploads\/2019\/02\/Fashion_6x15-300x153.jpg 300w, https:\/\/diarioregionaldigital.com.br\/wp-content\/uploads\/2019\/02\/Fashion_6x15-768x391.jpg 768w, https:\/\/diarioregionaldigital.com.br\/wp-content\/uploads\/2019\/02\/Fashion_6x15-1024x521.jpg 1024w, https:\/\/diarioregionaldigital.com.br\/wp-content\/uploads\/2019\/02\/Fashion_6x15-360x183.jpg 360w\" sizes=\"auto, (max-width: 3484px) 100vw, 3484px\" \/><\/p>\n","protected":false},"excerpt":{"rendered":"<p>Batuque No domingo, 24, \u00e0s 11h, as Guerreiras de Clara entram em cena na programa\u00e7\u00e3o de carnaval do Museu Mariano Proc\u00f3pio. O grupo, conhecido pelas releituras de can\u00e7\u00f5es em homenagem a Clara Nunes, \u00e9 um sucesso. Calend\u00e1rio Esperado ansiosamente, a Funalfa come\u00e7ou a vender em sua sede no Centro de Juiz de Fora o famoso [&hellip;]<\/p>\n","protected":false},"author":96,"featured_media":134536,"comment_status":"closed","ping_status":"closed","sticky":false,"template":"","format":"standard","meta":{"footnotes":""},"categories":[264],"tags":[],"class_list":["post-134629","post","type-post","status-publish","format-standard","has-post-thumbnail","hentry","category-eduardo-gomes"],"_links":{"self":[{"href":"https:\/\/diarioregionaldigital.com.br\/index.php?rest_route=\/wp\/v2\/posts\/134629","targetHints":{"allow":["GET"]}}],"collection":[{"href":"https:\/\/diarioregionaldigital.com.br\/index.php?rest_route=\/wp\/v2\/posts"}],"about":[{"href":"https:\/\/diarioregionaldigital.com.br\/index.php?rest_route=\/wp\/v2\/types\/post"}],"author":[{"embeddable":true,"href":"https:\/\/diarioregionaldigital.com.br\/index.php?rest_route=\/wp\/v2\/users\/96"}],"replies":[{"embeddable":true,"href":"https:\/\/diarioregionaldigital.com.br\/index.php?rest_route=%2Fwp%2Fv2%2Fcomments&post=134629"}],"version-history":[{"count":0,"href":"https:\/\/diarioregionaldigital.com.br\/index.php?rest_route=\/wp\/v2\/posts\/134629\/revisions"}],"wp:featuredmedia":[{"embeddable":true,"href":"https:\/\/diarioregionaldigital.com.br\/index.php?rest_route=\/wp\/v2\/media\/134536"}],"wp:attachment":[{"href":"https:\/\/diarioregionaldigital.com.br\/index.php?rest_route=%2Fwp%2Fv2%2Fmedia&parent=134629"}],"wp:term":[{"taxonomy":"category","embeddable":true,"href":"https:\/\/diarioregionaldigital.com.br\/index.php?rest_route=%2Fwp%2Fv2%2Fcategories&post=134629"},{"taxonomy":"post_tag","embeddable":true,"href":"https:\/\/diarioregionaldigital.com.br\/index.php?rest_route=%2Fwp%2Fv2%2Ftags&post=134629"}],"curies":[{"name":"wp","href":"https:\/\/api.w.org\/{rel}","templated":true}]}}