{"id":134617,"date":"2019-02-22T14:26:51","date_gmt":"2019-02-22T17:26:51","guid":{"rendered":"https:\/\/diarioregionaldigital.com.br\/?p=134617"},"modified":"2019-02-22T14:26:51","modified_gmt":"2019-02-22T17:26:51","slug":"ufjf-abre-vagas-para-aulas-gratuitas-de-danca-de-salao","status":"publish","type":"post","link":"https:\/\/diarioregionaldigital.com.br\/?p=134617","title":{"rendered":"UFJF abre vagas para aulas gratuitas de dan\u00e7a de sal\u00e3o"},"content":{"rendered":"<p>O projeto de extens\u00e3o \u201cP\u00e9s de Valsa: dan\u00e7as de sal\u00e3o UFJF\u201d, desenvolvido na \u00a0Faculdade de Educa\u00e7\u00e3o F\u00edsica e Desportos (Faefid) da Universidade Federal de Juiz de Fora (UFJF), est\u00e1 com vagas abertas para a turma de iniciantes. A iniciativa, coordenada pelo professor do Departamento de Gin\u00e1stica e Arte Corporal da Faefid, Neil Franco, oferece aulas gratuitas de dan\u00e7as de sal\u00e3o para a comunidade interna e externa. Os interessados podem se inscrever a partir da pr\u00f3xima ter\u00e7a-feira, 26.<\/p>\n<p>Para se inscrever gratuitamente em uma das 15 vagas oferecidas, a \u00fanica exig\u00eancia \u00e9 ser casal ou cavalheiro, uma vez que o projeto j\u00e1 possui uma lista de espera de damas. As inscri\u00e7\u00f5es acontecem, presencialmente, na sala 1 da Faedid nos dias 26 de fevereiro e 12 e 19 de mar\u00e7o, das 18h \u00e0s 19h. As vagas ser\u00e3o preenchidas por ordem de chegada.<\/p>\n<p>Segundo o coordenador, n\u00e3o \u00e9 necess\u00e1rio conhecimento pr\u00e9vio para participar, j\u00e1 que os alunos do n\u00edvel iniciante ter\u00e3o aulas de fundamentos b\u00e1sicos de dan\u00e7a de sal\u00e3o. Al\u00e9m disso, o grupo vai trabalhar com produ\u00e7\u00f5es coreogr\u00e1ficas visando apresenta\u00e7\u00f5es futuras. O objetivo \u00e9 criar um espa\u00e7o de aprendizagem e viv\u00eancia da modalidade desde o in\u00edcio. \u201cAl\u00e9m dos benef\u00edcios para quem pratica, o projeto \u00e9 importante para a divulga\u00e7\u00e3o da dan\u00e7a de sal\u00e3o como express\u00e3o art\u00edstica. Ao mesmo tempo em que os alunos trabalham no campo das coreografias, eles se expressam e disseminam esta arte.\u201d<\/p>\n<p>As aulas acontecer\u00e3o a partir de 12 de mar\u00e7o, semanalmente, \u00e0s ter\u00e7as-feiras, das 18h \u00e0s\u00a019h, nas instala\u00e7\u00f5es da Faefid.<\/p>\n<p>&nbsp;<\/p>\n<p>Fonte: UFJF<\/p>\n","protected":false},"excerpt":{"rendered":"<p>O projeto de extens\u00e3o \u201cP\u00e9s de Valsa: dan\u00e7as de sal\u00e3o UFJF\u201d, desenvolvido na \u00a0Faculdade de Educa\u00e7\u00e3o F\u00edsica e Desportos (Faefid) da Universidade Federal de Juiz de Fora (UFJF), est\u00e1 com vagas abertas para a turma de iniciantes. A iniciativa, coordenada pelo professor do Departamento de Gin\u00e1stica e Arte Corporal da Faefid, Neil Franco, oferece aulas [&hellip;]<\/p>\n","protected":false},"author":96,"featured_media":134618,"comment_status":"closed","ping_status":"closed","sticky":false,"template":"","format":"standard","meta":{"footnotes":""},"categories":[253,436,262,439],"tags":[],"class_list":["post-134617","post","type-post","status-publish","format-standard","has-post-thumbnail","hentry","category-cidade","category-destaque-da-semana","category-noticias","category-ultima-hora"],"_links":{"self":[{"href":"https:\/\/diarioregionaldigital.com.br\/index.php?rest_route=\/wp\/v2\/posts\/134617","targetHints":{"allow":["GET"]}}],"collection":[{"href":"https:\/\/diarioregionaldigital.com.br\/index.php?rest_route=\/wp\/v2\/posts"}],"about":[{"href":"https:\/\/diarioregionaldigital.com.br\/index.php?rest_route=\/wp\/v2\/types\/post"}],"author":[{"embeddable":true,"href":"https:\/\/diarioregionaldigital.com.br\/index.php?rest_route=\/wp\/v2\/users\/96"}],"replies":[{"embeddable":true,"href":"https:\/\/diarioregionaldigital.com.br\/index.php?rest_route=%2Fwp%2Fv2%2Fcomments&post=134617"}],"version-history":[{"count":0,"href":"https:\/\/diarioregionaldigital.com.br\/index.php?rest_route=\/wp\/v2\/posts\/134617\/revisions"}],"wp:featuredmedia":[{"embeddable":true,"href":"https:\/\/diarioregionaldigital.com.br\/index.php?rest_route=\/wp\/v2\/media\/134618"}],"wp:attachment":[{"href":"https:\/\/diarioregionaldigital.com.br\/index.php?rest_route=%2Fwp%2Fv2%2Fmedia&parent=134617"}],"wp:term":[{"taxonomy":"category","embeddable":true,"href":"https:\/\/diarioregionaldigital.com.br\/index.php?rest_route=%2Fwp%2Fv2%2Fcategories&post=134617"},{"taxonomy":"post_tag","embeddable":true,"href":"https:\/\/diarioregionaldigital.com.br\/index.php?rest_route=%2Fwp%2Fv2%2Ftags&post=134617"}],"curies":[{"name":"wp","href":"https:\/\/api.w.org\/{rel}","templated":true}]}}