{"id":134614,"date":"2019-02-22T14:18:15","date_gmt":"2019-02-22T17:18:15","guid":{"rendered":"https:\/\/diarioregionaldigital.com.br\/?p=134614"},"modified":"2019-02-22T14:18:15","modified_gmt":"2019-02-22T17:18:15","slug":"central-recebe-obras-de-adequacao-a-nova-legislacao-de-seguranca-contra-incendio","status":"publish","type":"post","link":"https:\/\/diarioregionaldigital.com.br\/?p=134614","title":{"rendered":"Central recebe obras de adequa\u00e7\u00e3o \u00e0 nova legisla\u00e7\u00e3o de seguran\u00e7a contra inc\u00eandio"},"content":{"rendered":"<p>Em 2019, o Cine-Theatro Central, da Universidade Federal de Juiz de Fora (UFJF), celebra os 90 anos de sua inaugura\u00e7\u00e3o em 30 de mar\u00e7o de 1929, quando pela primeira vez abriu suas portas ao p\u00fablico para a exibi\u00e7\u00e3o do filme mudo \u201cEsposa alheia\u201d com acompanhamento de uma grande orquestra. Desde o final de dezembro de 2018, a partir do encerramento da agenda de eventos daquele ano, o teatro est\u00e1 fechado temporariamente para receber obras de adapta\u00e7\u00e3o e ajustes de seguran\u00e7a, que estar\u00e3o conclu\u00eddas at\u00e9 o final de mar\u00e7o pr\u00f3ximo para as comemora\u00e7\u00f5es de anivers\u00e1rio do espa\u00e7o.<\/p>\n<p>Al\u00e9m da produ\u00e7\u00e3o e da instala\u00e7\u00e3o de estruturas de ferro para prote\u00e7\u00e3o do guarda-corpo no segundo andar e de corrim\u00e3os nas escadas laterais que d\u00e3o acesso aos andares superiores, tamb\u00e9m est\u00e1 em processo a pintura da estrutura de madeira do palco com tinta anti-chamas. Com essas medidas, o teatro poder\u00e1 reabrir seu balc\u00e3o nobre e a galeria (segundo e terceiro andar, respectivamente), que haviam sido interditados pelo Corpo de Bombeiros em raz\u00e3o de mudan\u00e7as nas leis de seguran\u00e7a voltadas a locais de eventos.<\/p>\n<p>\u201c\u00c9 com muita alegria que a gente vai concluir a maior parte dessas obras a tempo da realiza\u00e7\u00e3o das nossas comemora\u00e7\u00f5es dos 90 anos do Cine-Theatro Central com os espet\u00e1culos que vamos apresentar, como o show do Milton Nascimento e outros espet\u00e1culos que ainda estamos agendando\u201d, afirma o diretor Luiz Cl\u00e1udio Ribeiro. Um edital da Pr\u00f3-reitoria de Extens\u00e3o (Proex) receber\u00e1, at\u00e9 o pr\u00f3ximo dia 25, propostas de patroc\u00ednio do projeto Celebra\u00e7\u00e3o 90 anos \u2013 Cine-Theatro Central \u2013 Noite de Gala, para capta\u00e7\u00e3o de recursos financeiros de empresas p\u00fablicas ou privadas para o evento comemorativo.<\/p>\n<p>Durante o per\u00edodo da reforma, o teatro est\u00e1 recebendo p\u00fablico para visita guiada espont\u00e2nea (sem agendamentos) somente aos s\u00e1bados. A retomada da agenda do Central em 2019 ser\u00e1 em abril, quando come\u00e7am a ser apresentados os espet\u00e1culos aprovados nos editais de ocupa\u00e7\u00e3o art\u00edstico-cultural, do projeto Luz da Terra e tamb\u00e9m do Palco Central, ainda em processos de sele\u00e7\u00e3o.<\/p>\n<p><b>Vistorias<\/b><\/p>\n<p>No final de setembro de 2016, o Central recebeu o Corpo de Bombeiros para uma vistoria que identificou a necessidade de reparos e adequa\u00e7\u00f5es. Com a inspe\u00e7\u00e3o foi detectada a necessidade de instala\u00e7\u00e3o de corrim\u00e3os nas laterais das escadas de acesso ao segundo e ao terceiro andar. Al\u00e9m disso, constatou-se a baixa altura dos guarda-corpos junto \u00e0s plateias do segundo e terceiro andares, que levou \u00e0 interdi\u00e7\u00e3o tempor\u00e1ria destes pavimentos. Logo ap\u00f3s, algumas mudan\u00e7as foram feitas com urg\u00eancia para que o teatro pudesse ainda usar as plateias A e B e, assim, manter sua agenda.<\/p>\n<p>A partir da constata\u00e7\u00e3o dessas demandas, o teatro, que pertence ao patrim\u00f4nio da UFJF e \u00e9 tombado a n\u00edvel nacional pelo Instituto do Patrim\u00f4nio Hist\u00f3rico e Art\u00edstico Nacional (Iphan), deveria passar por alguns tr\u00e2mites burocr\u00e1ticos para a realiza\u00e7\u00e3o de sua reforma para adequa\u00e7\u00e3o. \u201cPrimeiro precis\u00e1vamos apresentar um projeto, e, para isso, a Universidade precisava contratar uma empresa por meio de edital p\u00fablico. Deve-se fazer uma licita\u00e7\u00e3o, e isso j\u00e1 demanda um per\u00edodo. A partir disso, a empresa [licitada] fez um pr\u00e9-projeto, e este foi para o Corpo de Bombeiros, e depois para o Iphan, no qual, em discuss\u00e3o, negociaram. Depois os pr\u00f3prios engenheiros da Universidade e a empresa Efic\u00e1cia \u2013 vencedora da licita\u00e7\u00e3o de cria\u00e7\u00e3o do projeto \u2013 fizeram os ajustes necess\u00e1rios para come\u00e7ar a execu\u00e7\u00e3o da obra, que j\u00e1 conta com aval do Iphan\u201d, ressalta a secret\u00e1ria executiva da UFJF lotada no Cine-Theatro Central, Ana Paula de Sant\u2019Anna Cesar.<\/p>\n<p>Toda a tramita\u00e7\u00e3o e a discuss\u00e3o sobre as reformas, apesar de serem consideradas demoradas e burocr\u00e1ticas, foram feitas com aten\u00e7\u00e3o e precau\u00e7\u00e3o devido aos desafios de se adequar uma constru\u00e7\u00e3o antiga \u00e0s normas de seguran\u00e7a contempor\u00e2neas, como explica Ana Paula: \u201cO teatro precisava atender a uma instru\u00e7\u00e3o t\u00e9cnica atual, que na \u00e9poca de sua constru\u00e7\u00e3o n\u00e3o existia. E a instru\u00e7\u00e3o normativa \u00e9 do Corpo de Bombeiros de Minas Gerais que, no final de 2016, liberou uma [lei] espec\u00edfica para pr\u00e9dios tombados. Foram sens\u00edveis \u00e0s complexidades de adequa\u00e7\u00e3o de um pr\u00e9dio constru\u00eddo em 1929 e um patrim\u00f4nio cultural.\u201d<\/p>\n<p>O arquiteto e urbanista da Pr\u00f3-reitoria de Infraestrutura e Gest\u00e3o (Proinfra), Pablo Pinheiro da Costa, ressalta os desafios de se realizar altera\u00e7\u00f5es em constru\u00e7\u00f5es antigas para atendimento \u00e0 legisla\u00e7\u00e3o contempor\u00e2nea: \u201cOs pr\u00e9dios antigos em geral podem ter muita madeira, poucas sa\u00eddas (o Central tem o suficiente). No caso do Central, os guarda-corpos haviam sido projetados numa \u00e9poca em que a popula\u00e7\u00e3o era bem mais baixa; \u00e0 medida que ganhamos altura, eles se tornaram inseguros. Tamb\u00e9m n\u00e3o havia corrim\u00e3os. E alguns locais foram feitos de forma bem improvisada, ent\u00e3o estamos alterando.\u201d<\/p>\n<p>Ao longo de 2016 e 2017, o Central tamb\u00e9m adequou seus sistemas de detec\u00e7\u00e3o e alarme de inc\u00eandio, hidrantes de recalque e sistemas de ilumina\u00e7\u00e3o de emerg\u00eancia \u2013 o nobreak, como \u00e9 conhecido, equipamento que regula voltagem e sustenta dispositivos em caso de queda de energia.<\/p>\n<p><b>Fiscaliza\u00e7\u00f5es pelo pa\u00eds<\/b><\/p>\n<p>As vistorias em estabelecimentos em busca de regulariza\u00e7\u00f5es e adequa\u00e7\u00f5es \u00e0s normas na seguran\u00e7a aumentaram consideravelmente em todo o territ\u00f3rio brasileiro ap\u00f3s a trag\u00e9dia na boate Kiss, em Santa Maria, munic\u00edpio do Rio Grande do Sul. Cidad\u00e3os de diversos cantos do pa\u00eds e do mundo acompanharam o resgate das v\u00edtimas do inc\u00eandio ocorrido em janeiro de 2013, que tirou a vida de 242 pessoas e deixou 680 feridos. Ap\u00f3s a intensifica\u00e7\u00e3o na fiscaliza\u00e7\u00e3o em v\u00e1rias casas de shows, boates, teatros e cinemas naquele per\u00edodo, identificaram fragilidade e falha nos cuidados com a seguran\u00e7a destes estabelecimentos.<\/p>\n<p>Apesar da intensa movimenta\u00e7\u00e3o no pa\u00eds a favor de cuidados com a fiscaliza\u00e7\u00e3o ap\u00f3s o acidente, o pa\u00eds ainda presenciou uma sequ\u00eancia de trag\u00e9dias causadas pela falta de manuten\u00e7\u00e3o e fiscaliza\u00e7\u00e3o. Em menos de seis meses, tr\u00eas grandes trag\u00e9dias recentes sucederam-se no Brasil por falta de preven\u00e7\u00e3o: o inc\u00eandio do Museu Nacional do Rio; o rompimento da barragem de rejeitos da Vale em Brumadinho, que resultou em grande perda humana e ambiental; e o inc\u00eandio no Centro de Treinamento do Clube de Regatas Flamengo.<\/p>\n<p><b>O Central<\/b><\/p>\n<p>O \u201cCentral\u201d, como \u00e9 popularmente conhecido, pertence \u00e0 UFJF desde 1994, quando o pol\u00edtico juiz-forano Itamar Franco, ao assumir a Presid\u00eancia da Rep\u00fablica, enviou pelo Minist\u00e9rio da Educa\u00e7\u00e3o \u2013 que na \u00e9poca estava aos cuidados de Mur\u00edlio de Avellar Hingel, formado em Filosofia e Letras pela UFJF, ex-secret\u00e1rio de Educa\u00e7\u00e3o e Cultura de Juiz de Fora e diretor-fundador da Faculdade de Educa\u00e7\u00e3o da mesma universidade \u2013 uma verba que permitiu a compra do im\u00f3vel pela Universidade.<\/p>\n<p>Naquele mesmo ano, o cine-teatro foi tombado em \u00e2mbito federal pelo Iphan. A partir deste momento teve in\u00edcio o tr\u00e2mite para uma grande reforma e restaura\u00e7\u00e3o do teatro que, na \u00e9poca, encontrava-se deteriorado e desvalorizado culturalmente. Al\u00e9m desta, outras reformas e diversos reparos foram feitos no decorrer dos anos, como por exemplo, em 2009, quando cuidaram do sistema el\u00e9trico, de ilumina\u00e7\u00e3o, sonoriza\u00e7\u00e3o e cenot\u00e9cnica, e posteriormente, em 2014, ano em que restauraram-se janelas, ornamentos e ladrilhos, e realizou-se tratamento e recomposi\u00e7\u00e3o das pinturas e impermeabiliza\u00e7\u00e3o do terra\u00e7o e das marquises.<\/p>\n<p>Com as adequa\u00e7\u00f5es agora providenciadas, o Cine-Theatro Central pode comemorar seus 90 anos oferecendo mais seguran\u00e7a e tranquilidade para artistas e p\u00fablico que frequentam o mais belo e tradicional palco juiz-forano.<\/p>\n<p>&nbsp;<\/p>\n<p>Fonte: UFJF<\/p>\n","protected":false},"excerpt":{"rendered":"<p>Em 2019, o Cine-Theatro Central, da Universidade Federal de Juiz de Fora (UFJF), celebra os 90 anos de sua inaugura\u00e7\u00e3o em 30 de mar\u00e7o de 1929, quando pela primeira vez abriu suas portas ao p\u00fablico para a exibi\u00e7\u00e3o do filme mudo \u201cEsposa alheia\u201d com acompanhamento de uma grande orquestra. Desde o final de dezembro de [&hellip;]<\/p>\n","protected":false},"author":96,"featured_media":134615,"comment_status":"closed","ping_status":"closed","sticky":false,"template":"","format":"standard","meta":{"footnotes":""},"categories":[256,436,262,439],"tags":[],"class_list":["post-134614","post","type-post","status-publish","format-standard","has-post-thumbnail","hentry","category-cultura","category-destaque-da-semana","category-noticias","category-ultima-hora"],"_links":{"self":[{"href":"https:\/\/diarioregionaldigital.com.br\/index.php?rest_route=\/wp\/v2\/posts\/134614","targetHints":{"allow":["GET"]}}],"collection":[{"href":"https:\/\/diarioregionaldigital.com.br\/index.php?rest_route=\/wp\/v2\/posts"}],"about":[{"href":"https:\/\/diarioregionaldigital.com.br\/index.php?rest_route=\/wp\/v2\/types\/post"}],"author":[{"embeddable":true,"href":"https:\/\/diarioregionaldigital.com.br\/index.php?rest_route=\/wp\/v2\/users\/96"}],"replies":[{"embeddable":true,"href":"https:\/\/diarioregionaldigital.com.br\/index.php?rest_route=%2Fwp%2Fv2%2Fcomments&post=134614"}],"version-history":[{"count":0,"href":"https:\/\/diarioregionaldigital.com.br\/index.php?rest_route=\/wp\/v2\/posts\/134614\/revisions"}],"wp:featuredmedia":[{"embeddable":true,"href":"https:\/\/diarioregionaldigital.com.br\/index.php?rest_route=\/wp\/v2\/media\/134615"}],"wp:attachment":[{"href":"https:\/\/diarioregionaldigital.com.br\/index.php?rest_route=%2Fwp%2Fv2%2Fmedia&parent=134614"}],"wp:term":[{"taxonomy":"category","embeddable":true,"href":"https:\/\/diarioregionaldigital.com.br\/index.php?rest_route=%2Fwp%2Fv2%2Fcategories&post=134614"},{"taxonomy":"post_tag","embeddable":true,"href":"https:\/\/diarioregionaldigital.com.br\/index.php?rest_route=%2Fwp%2Fv2%2Ftags&post=134614"}],"curies":[{"name":"wp","href":"https:\/\/api.w.org\/{rel}","templated":true}]}}