{"id":134611,"date":"2019-02-22T14:11:24","date_gmt":"2019-02-22T17:11:24","guid":{"rendered":"https:\/\/diarioregionaldigital.com.br\/?p=134611"},"modified":"2019-02-22T14:11:24","modified_gmt":"2019-02-22T17:11:24","slug":"militar-brasileiro-assumira-subcomando-do-exercito-sul-dos-eua","status":"publish","type":"post","link":"https:\/\/diarioregionaldigital.com.br\/?p=134611","title":{"rendered":"Militar brasileiro assumir\u00e1 subcomando do Ex\u00e9rcito Sul dos EUA"},"content":{"rendered":"<p>Pela primeira vez, um oficial do Ex\u00e9rcito brasileiro assumir\u00e1, em breve, um posto no Comando Sul das For\u00e7as Armadas dos Estados Unidos. A convite das autoridades militares norte-americanas, o Ex\u00e9rcito brasileiro designou o general Alcides Valeriano de Faria J\u00fanior para ocupar o subcomando de interoperabilidade do Ex\u00e9rcito Sul dos EUA. Subordinado ao\u00a0Comando Sul, o general de 52 anos de idade estar\u00e1 encarregado pela \u00e1rea de assist\u00eancia humanit\u00e1ria e al\u00edvio de desastres do Ex\u00e9rcito Sul norte-americano.<\/p>\n<p>As negocia\u00e7\u00f5es come\u00e7aram em 2017. A indica\u00e7\u00e3o foi anunciada pelo chefe do Comando Sul, almirante Craig Faller, durante pronunciamento no Senado norte-americano, no \u00faltimo dia 9. &#8220;[Os Estados Unidos est\u00e3o] trabalhando com [pa\u00edses] aliados e parceiros para desenvolver o conceito de uma for\u00e7a-tarefa multinacional capaz de agir em diferentes escalas, dentro das estruturas de coopera\u00e7\u00e3o de seguran\u00e7a j\u00e1 existentes, para melhorar a capacidade coletiva de responder rapidamente \u00e0s crises.\u201d<\/p>\n<p>De acordo com o general Edson Leal Pujol, o oficial brasileiro trabalhar\u00e1 junto ao comando e estar\u00e1 subordinado \u00e0s autoridades norte-americanas. A data em que Alcides Valeriano deixar\u00e1 o comando da 5\u00aa Brigada de Cavalaria Blindada para assumir o novo posto ainda n\u00e3o est\u00e1 definida. O general brasileiro substituir\u00e1 um oficial chileno no Subcomando de Interoperabilidade.<\/p>\n<h2>Atribui\u00e7\u00f5es<\/h2>\n<p>\u201cA miss\u00e3o do general Alcides ser\u00e1 atuar como liga\u00e7\u00e3o entre o Brasil e o Comando Sul. Ele ser\u00e1 um assessor do comando e estar\u00e1 subordinado \u00e0s autoridades norte-americanas, da mesma forma como um oficial de outro pa\u00eds que participasse de um comando conjunto no Brasil ficaria subordinado as nossas For\u00e7as Armadas\u201d, disse Pujol.<\/p>\n<p>Segundo o Ex\u00e9rcito, entre as atribui\u00e7\u00f5es do general Alcides Valeriano estar\u00e1 apoiar os esfor\u00e7os do Ex\u00e9rcito do Sul e do Comando Sul \u201cno sentido de desenvolver uma vis\u00e3o multinacional para responder a necessidades de assist\u00eancia humanit\u00e1ria e facilitar o desenvolvimento e o aprimoramento dos esfor\u00e7os para melhorar a interoperabilidade entre os Estados Unidos e as na\u00e7\u00f5es amigas, em apoio \u00e0 miss\u00e3o e \u00e0s linhas de esfor\u00e7os do Ex\u00e9rcito Sul dos Estados Unidos\u201d.<\/p>\n<p>Na pr\u00e1tica, Alcides Valeriano vai monitorar e liderar as se\u00e7\u00f5es envolvidas em exerc\u00edcios de treinamento e opera\u00e7\u00f5es de assist\u00eancia humanit\u00e1ria e al\u00edvio de desastres, al\u00e9m de encorajar as na\u00e7\u00f5es parceiras a colaborar na realiza\u00e7\u00e3o de pesquisas.<\/p>\n<p>Para o comandante do Ex\u00e9rcito brasileiro, o fato de um brasileiro assumir um posto-chave no Comando Sul das For\u00e7as Armadas \u00e9 mais um reconhecimento da compet\u00eancia dos militares brasileiros. \u201c\u00c9 um reconhecimento do nosso valor, da nossa compet\u00eancia. E decorre, principalmente, das nossas participa\u00e7\u00f5es em miss\u00f5es internacionais e nas confer\u00eancias, semin\u00e1rios e interc\u00e2mbios em outros pa\u00edses.\u201d<\/p>\n<h2>Perfil<\/h2>\n<p>O Comando Sul \u00e9 formado por mais de 1,2 mil militares e civis do Ex\u00e9rcito, Marinha, For\u00e7a A\u00e9rea, Fuzileiros Navais e Guarda Costeira norte-americana, al\u00e9m de agentes de v\u00e1rias outras ag\u00eancias federais dos Estados Unidos e de outros pa\u00edses.<\/p>\n<p>Encarregado de executar e zelar pela pol\u00edtica de seguran\u00e7a externa dos Estados Unidos para a Am\u00e9rica Central, Am\u00e9rica do Sul e Caribe (com exce\u00e7\u00e3o \u00e0s comunidades, territ\u00f3rios e possess\u00f5es ultramarinos dos EUA), o Comando Sul tamb\u00e9m \u00e9 respons\u00e1vel por garantir a defesa do Canal do Panam\u00e1.<\/p>\n<p>Em nota, o Minist\u00e9rio da Defesa lembrou que as For\u00e7as Armadas brasileiras j\u00e1 atuam em coopera\u00e7\u00e3o com v\u00e1rios pa\u00edses, inclusive participando de exerc\u00edcios militares internacionais. A pasta tamb\u00e9m destaca que a presen\u00e7a de um oficial brasileiro no Comando Sul demonstra o \u201cvalor da atua\u00e7\u00e3o das For\u00e7as Armadas brasileiras e da forma\u00e7\u00e3o em opera\u00e7\u00f5es combinadas&#8221;. A pasta destaca que a participa\u00e7\u00e3o brasileira fortalecer\u00e1 a forma\u00e7\u00e3o e o treinamento militares e contribuir\u00e1 para eleva\u00e7\u00e3o da capacidade &#8220;operativa e de interoperabilidade&#8221; brasileira.<\/p>\n<p>&nbsp;<\/p>\n<p>Fonte: Ag\u00eancia Brasil<\/p>\n","protected":false},"excerpt":{"rendered":"<p>Pela primeira vez, um oficial do Ex\u00e9rcito brasileiro assumir\u00e1, em breve, um posto no Comando Sul das For\u00e7as Armadas dos Estados Unidos. A convite das autoridades militares norte-americanas, o Ex\u00e9rcito brasileiro designou o general Alcides Valeriano de Faria J\u00fanior para ocupar o subcomando de interoperabilidade do Ex\u00e9rcito Sul dos EUA. Subordinado ao\u00a0Comando Sul, o general [&hellip;]<\/p>\n","protected":false},"author":96,"featured_media":134612,"comment_status":"closed","ping_status":"closed","sticky":false,"template":"","format":"standard","meta":{"footnotes":""},"categories":[302,436,262,439],"tags":[],"class_list":["post-134611","post","type-post","status-publish","format-standard","has-post-thumbnail","hentry","category-brasil-mundo","category-destaque-da-semana","category-noticias","category-ultima-hora"],"_links":{"self":[{"href":"https:\/\/diarioregionaldigital.com.br\/index.php?rest_route=\/wp\/v2\/posts\/134611","targetHints":{"allow":["GET"]}}],"collection":[{"href":"https:\/\/diarioregionaldigital.com.br\/index.php?rest_route=\/wp\/v2\/posts"}],"about":[{"href":"https:\/\/diarioregionaldigital.com.br\/index.php?rest_route=\/wp\/v2\/types\/post"}],"author":[{"embeddable":true,"href":"https:\/\/diarioregionaldigital.com.br\/index.php?rest_route=\/wp\/v2\/users\/96"}],"replies":[{"embeddable":true,"href":"https:\/\/diarioregionaldigital.com.br\/index.php?rest_route=%2Fwp%2Fv2%2Fcomments&post=134611"}],"version-history":[{"count":0,"href":"https:\/\/diarioregionaldigital.com.br\/index.php?rest_route=\/wp\/v2\/posts\/134611\/revisions"}],"wp:featuredmedia":[{"embeddable":true,"href":"https:\/\/diarioregionaldigital.com.br\/index.php?rest_route=\/wp\/v2\/media\/134612"}],"wp:attachment":[{"href":"https:\/\/diarioregionaldigital.com.br\/index.php?rest_route=%2Fwp%2Fv2%2Fmedia&parent=134611"}],"wp:term":[{"taxonomy":"category","embeddable":true,"href":"https:\/\/diarioregionaldigital.com.br\/index.php?rest_route=%2Fwp%2Fv2%2Fcategories&post=134611"},{"taxonomy":"post_tag","embeddable":true,"href":"https:\/\/diarioregionaldigital.com.br\/index.php?rest_route=%2Fwp%2Fv2%2Ftags&post=134611"}],"curies":[{"name":"wp","href":"https:\/\/api.w.org\/{rel}","templated":true}]}}