{"id":134607,"date":"2019-02-22T14:05:56","date_gmt":"2019-02-22T17:05:56","guid":{"rendered":"https:\/\/diarioregionaldigital.com.br\/?p=134607"},"modified":"2019-02-22T14:07:12","modified_gmt":"2019-02-22T17:07:12","slug":"alcolumbre-diz-que-senado-pode-votar-proposta-da-previdencia-ate-julho","status":"publish","type":"post","link":"https:\/\/diarioregionaldigital.com.br\/?p=134607","title":{"rendered":"Alcolumbre diz que Senado pode votar proposta da Previd\u00eancia at\u00e9 julho"},"content":{"rendered":"<p>O\u00a0 Senado deve\u00a0ter\u00a0uma \u00a0Comiss\u00e3o Especial de Acompanhamento da\u00a0reforma da Previd\u00eancia. O presidente da Casa, Davi Alcolumbre (DEM-AP), disse nesta sexta-feira, 22, que os integrantes ser\u00e3o definidos pelos l\u00edderes dos partidos na pr\u00f3xima\u00a0ter\u00e7a-feira, 26. A expectativa dele \u00e9 que o Senado aprove a reforma antes do recesso de julho, se a C\u00e2mara votar o texto at\u00e9 abril.<\/p>\n<p>\u201cA gente vai fazer com que o relator dessa comiss\u00e3o seja um membro titular da CCJ \u00a0[Comiss\u00e3o de Constitui\u00e7\u00e3o e\u00a0 Justi\u00e7a ]e que ele tamb\u00e9m possa ser relator da Reforma da Previd\u00eancia quando ela chegar na nossa Casa\u201d, afirmou o senador durante um caf\u00e9 da manh\u00e3 com jornalistas na resid\u00eancia oficial do Senado.<\/p>\n<p>As negocia\u00e7\u00f5es s\u00e3o para que o senador Tasso Jereissati (PSDB-CE) assuma a relatoria da reforma da Previd\u00eancia na comiss\u00e3o especial.<\/p>\n<p>A comiss\u00e3o especial ter\u00e1 como atribui\u00e7\u00e3o fazer sugest\u00f5es e encaminhar recomenda\u00e7\u00f5es para que a proposta chegue ao Senado com as principais pol\u00eamicas j\u00e1 pacificadas para que seja votado na Casa o mesmo texto vindo da C\u00e2mara. Caso os senadores modifiquem o m\u00e9rito do texto da C\u00e2mara, a proposta precisar\u00e1 retonar para an\u00e1lise dos deputados e isso pode atrasar muito a conclus\u00e3o da vota\u00e7\u00e3o.<\/p>\n<h2>Debate<\/h2>\n<p>H\u00e1 pontos, como o que trata do Benef\u00edcio de Presta\u00e7\u00e3o Continuada , o\u00a0BPC, que exigem discuss\u00e3o prolongada. Pela proposta do governo, a partir dos 60 anos, os idosos receber\u00e3o R$ 400. A partir de 70 anos, o valor sobe para um sal\u00e1rio m\u00ednimo.<\/p>\n<p>Alcolumbre disse ter conversado com o ministro da Justi\u00e7a e Seguran\u00e7a P\u00fablica, Sergio Moro, e informado sobre a dificuldade de tramita\u00e7\u00e3o ao mesmo tempo da proposta da Lei Anticrime e da reforma da Previd\u00eancia no Congresso Nacional.<\/p>\n<p>\u201cEu disse para o pr\u00f3prio ministro que o sentimento do Senado \u00e9 debru\u00e7ar em rela\u00e7\u00e3o ao tema Reforma da Previd\u00eancia porque as duas coisas n\u00e3o conseguem andar juntas. H\u00e1 disposi\u00e7\u00e3o dos senadores debater a reforma da Previd\u00eancia que \u00e9 um assunto que est\u00e1 em voga\u00a0hoje\u00a0na sociedade brasileira\u201d, disse.<\/p>\n<h2>Articula\u00e7\u00e3o<\/h2>\n<p>Alcolumbre ressaltou que ser\u00e3o necess\u00e1rias articula\u00e7\u00f5es intensas para garantir a aprova\u00e7\u00e3o da proposta da Previd\u00eancia.<\/p>\n<p>\u201cSenadores e deputados querem votar a reforma, mas o governo tem que se articular politicamente, buscar as lideran\u00e7as e os partidos para garantir os votos necess\u00e1rios. Como se quebrou um modelo de administra\u00e7\u00e3o que se arrastava nos \u00faltimos anos, os parlamentares precisam sentir confian\u00e7a para apoiar um texto que lhe d\u00ea tranquilidade de ajudar o Brasil, mas que ele tenha seguran\u00e7a na rela\u00e7\u00e3o dele de parlamentar com o governo, no que diz respeito a apoio a esses parlamentares na atua\u00e7\u00e3o pol\u00edtica.\u201d<\/p>\n<p>&nbsp;<\/p>\n<p>Fonte: Ag\u00eancia Brasil<\/p>\n","protected":false},"excerpt":{"rendered":"<p>O\u00a0 Senado deve\u00a0ter\u00a0uma \u00a0Comiss\u00e3o Especial de Acompanhamento da\u00a0reforma da Previd\u00eancia. O presidente da Casa, Davi Alcolumbre (DEM-AP), disse nesta sexta-feira, 22, que os integrantes ser\u00e3o definidos pelos l\u00edderes dos partidos na pr\u00f3xima\u00a0ter\u00e7a-feira, 26. A expectativa dele \u00e9 que o Senado aprove a reforma antes do recesso de julho, se a C\u00e2mara votar o texto at\u00e9 [&hellip;]<\/p>\n","protected":false},"author":96,"featured_media":134608,"comment_status":"closed","ping_status":"closed","sticky":false,"template":"","format":"standard","meta":{"footnotes":""},"categories":[436,262,254,439],"tags":[],"class_list":["post-134607","post","type-post","status-publish","format-standard","has-post-thumbnail","hentry","category-destaque-da-semana","category-noticias","category-politica","category-ultima-hora"],"_links":{"self":[{"href":"https:\/\/diarioregionaldigital.com.br\/index.php?rest_route=\/wp\/v2\/posts\/134607","targetHints":{"allow":["GET"]}}],"collection":[{"href":"https:\/\/diarioregionaldigital.com.br\/index.php?rest_route=\/wp\/v2\/posts"}],"about":[{"href":"https:\/\/diarioregionaldigital.com.br\/index.php?rest_route=\/wp\/v2\/types\/post"}],"author":[{"embeddable":true,"href":"https:\/\/diarioregionaldigital.com.br\/index.php?rest_route=\/wp\/v2\/users\/96"}],"replies":[{"embeddable":true,"href":"https:\/\/diarioregionaldigital.com.br\/index.php?rest_route=%2Fwp%2Fv2%2Fcomments&post=134607"}],"version-history":[{"count":0,"href":"https:\/\/diarioregionaldigital.com.br\/index.php?rest_route=\/wp\/v2\/posts\/134607\/revisions"}],"wp:featuredmedia":[{"embeddable":true,"href":"https:\/\/diarioregionaldigital.com.br\/index.php?rest_route=\/wp\/v2\/media\/134608"}],"wp:attachment":[{"href":"https:\/\/diarioregionaldigital.com.br\/index.php?rest_route=%2Fwp%2Fv2%2Fmedia&parent=134607"}],"wp:term":[{"taxonomy":"category","embeddable":true,"href":"https:\/\/diarioregionaldigital.com.br\/index.php?rest_route=%2Fwp%2Fv2%2Fcategories&post=134607"},{"taxonomy":"post_tag","embeddable":true,"href":"https:\/\/diarioregionaldigital.com.br\/index.php?rest_route=%2Fwp%2Fv2%2Ftags&post=134607"}],"curies":[{"name":"wp","href":"https:\/\/api.w.org\/{rel}","templated":true}]}}