{"id":134603,"date":"2019-02-22T14:00:41","date_gmt":"2019-02-22T17:00:41","guid":{"rendered":"https:\/\/diarioregionaldigital.com.br\/?p=134603"},"modified":"2019-02-22T14:00:41","modified_gmt":"2019-02-22T17:00:41","slug":"atriz-fernanda-montenegro-recebe-alta-de-hospital-no-rio","status":"publish","type":"post","link":"https:\/\/diarioregionaldigital.com.br\/?p=134603","title":{"rendered":"Atriz Fernanda Montenegro recebe alta de hospital no Rio"},"content":{"rendered":"<p>A atriz Fernanda Montenegro, de 89 anos, recebeu alta m\u00e9dica nesta sexta-feira, 22, depois de passar dois dias internada no Hospital Samaritano, em Botafogo, na zona sul do Rio de Janeiro.<\/p>\n<p>A informa\u00e7\u00e3o foi divulgada pela assessoria de imprensa do hospital.<\/p>\n<p>A atriz estava no sul do pa\u00eds gravando cenas da pr\u00f3xima novela das 21h da TV Globo, quando passou mal na \u00faltima ter\u00e7a-feira, 19, e foi atendida inicialmente em um hospital na cidade ga\u00facha de Jaguari, com um quadro de desidrata\u00e7\u00e3o.<\/p>\n<p>Fernanda Montenegro, uma das principais atrizes do Brasil, concorreu ao Oscar e ao Globo de Ouro de 1999, na categoria de melhor atriz, por sua atua\u00e7\u00e3o no filme Central do Brasil.<\/p>\n<p>&nbsp;<\/p>\n<p>Fonte: Ag\u00eancia Brasil<\/p>\n<p>&nbsp;<\/p>\n","protected":false},"excerpt":{"rendered":"<p>A atriz Fernanda Montenegro, de 89 anos, recebeu alta m\u00e9dica nesta sexta-feira, 22, depois de passar dois dias internada no Hospital Samaritano, em Botafogo, na zona sul do Rio de Janeiro. A informa\u00e7\u00e3o foi divulgada pela assessoria de imprensa do hospital. A atriz estava no sul do pa\u00eds gravando cenas da pr\u00f3xima novela das 21h [&hellip;]<\/p>\n","protected":false},"author":96,"featured_media":134604,"comment_status":"closed","ping_status":"closed","sticky":false,"template":"","format":"standard","meta":{"footnotes":""},"categories":[302,436,262,439],"tags":[],"class_list":["post-134603","post","type-post","status-publish","format-standard","has-post-thumbnail","hentry","category-brasil-mundo","category-destaque-da-semana","category-noticias","category-ultima-hora"],"_links":{"self":[{"href":"https:\/\/diarioregionaldigital.com.br\/index.php?rest_route=\/wp\/v2\/posts\/134603","targetHints":{"allow":["GET"]}}],"collection":[{"href":"https:\/\/diarioregionaldigital.com.br\/index.php?rest_route=\/wp\/v2\/posts"}],"about":[{"href":"https:\/\/diarioregionaldigital.com.br\/index.php?rest_route=\/wp\/v2\/types\/post"}],"author":[{"embeddable":true,"href":"https:\/\/diarioregionaldigital.com.br\/index.php?rest_route=\/wp\/v2\/users\/96"}],"replies":[{"embeddable":true,"href":"https:\/\/diarioregionaldigital.com.br\/index.php?rest_route=%2Fwp%2Fv2%2Fcomments&post=134603"}],"version-history":[{"count":0,"href":"https:\/\/diarioregionaldigital.com.br\/index.php?rest_route=\/wp\/v2\/posts\/134603\/revisions"}],"wp:featuredmedia":[{"embeddable":true,"href":"https:\/\/diarioregionaldigital.com.br\/index.php?rest_route=\/wp\/v2\/media\/134604"}],"wp:attachment":[{"href":"https:\/\/diarioregionaldigital.com.br\/index.php?rest_route=%2Fwp%2Fv2%2Fmedia&parent=134603"}],"wp:term":[{"taxonomy":"category","embeddable":true,"href":"https:\/\/diarioregionaldigital.com.br\/index.php?rest_route=%2Fwp%2Fv2%2Fcategories&post=134603"},{"taxonomy":"post_tag","embeddable":true,"href":"https:\/\/diarioregionaldigital.com.br\/index.php?rest_route=%2Fwp%2Fv2%2Ftags&post=134603"}],"curies":[{"name":"wp","href":"https:\/\/api.w.org\/{rel}","templated":true}]}}