{"id":134595,"date":"2019-02-22T13:48:51","date_gmt":"2019-02-22T16:48:51","guid":{"rendered":"https:\/\/diarioregionaldigital.com.br\/?p=134595"},"modified":"2019-02-22T13:48:51","modified_gmt":"2019-02-22T16:48:51","slug":"producao-de-aco-sobe-23-em-janeiro-mas-a-de-laminados-cai-31","status":"publish","type":"post","link":"https:\/\/diarioregionaldigital.com.br\/?p=134595","title":{"rendered":"Produ\u00e7\u00e3o de a\u00e7o sobe 2,3% em janeiro, mas a de laminados cai 3,1%"},"content":{"rendered":"<p>A produ\u00e7\u00e3o brasileira de a\u00e7o bruto somou 2,9 milh\u00f5es de toneladas em janeiro, aumento de 2,3% em compara\u00e7\u00e3o a janeiro de 2018. J\u00e1 a produ\u00e7\u00e3o de laminados caiu 3,1%, com 1,8 milh\u00e3o de toneladas, e a produ\u00e7\u00e3o de semiacabados para vendas teve queda de 9,2%, atingindo 729 mil toneladas.<\/p>\n<p>Os n\u00fameros foram divulgados nesta sexta-feira, 22, pelo Instituto A\u00e7o Brasil. As vendas internas tiveram redu\u00e7\u00e3o de 3,7% em rela\u00e7\u00e3o a janeiro de 2018, com 1,4 milh\u00e3o de toneladas. Queda tamb\u00e9m no consumo aparente de derivados (-5,6%), que alcan\u00e7ou, em janeiro, 1,5 milh\u00e3o de toneladas, frente ao mesmo per\u00edodo de 2018.<\/p>\n<p>A an\u00e1lise em termos regionais mostrou que Minas Gerais, com 945 mil toneladas, segue na lideran\u00e7a dos estados produtores de a\u00e7o no pa\u00eds, seguido do Rio de Janeiro (836 mil toneladas) e Esp\u00edrito Santo (579 mil toneladas).<\/p>\n<h2>Produ\u00e7\u00e3o mundial<\/h2>\n<p>A China ocupa a lideran\u00e7a entre os produtores mundiais de a\u00e7o, com 929,26 milh\u00f5es de toneladas produzidas no ano passado, expans\u00e3o de 6,6% comparativamente ao ano anterior. Os Estados Unidos s\u00e3o o segundo colocado no ranking, com 168 milh\u00f5es de toneladas, menos 0,3% que em 2017.<\/p>\n<p>Apesar de n\u00e3o estar na rela\u00e7\u00e3o dos cinco maiores produtores globais, o Brasil, com 34,735 milh\u00f5es de toneladas produzidas de a\u00e7o no ano passado, \u00e9 l\u00edder na Am\u00e9rica Latina. Na segunda coloca\u00e7\u00e3o, aparece o M\u00e9xico, com 20,20 milh\u00f5es de toneladas de a\u00e7o produzidas em 2018.<\/p>\n<p>&nbsp;<\/p>\n<p>Fonte: Ag\u00eancia Brasil<\/p>\n","protected":false},"excerpt":{"rendered":"<p>A produ\u00e7\u00e3o brasileira de a\u00e7o bruto somou 2,9 milh\u00f5es de toneladas em janeiro, aumento de 2,3% em compara\u00e7\u00e3o a janeiro de 2018. J\u00e1 a produ\u00e7\u00e3o de laminados caiu 3,1%, com 1,8 milh\u00e3o de toneladas, e a produ\u00e7\u00e3o de semiacabados para vendas teve queda de 9,2%, atingindo 729 mil toneladas. Os n\u00fameros foram divulgados nesta sexta-feira, [&hellip;]<\/p>\n","protected":false},"author":96,"featured_media":134596,"comment_status":"closed","ping_status":"closed","sticky":false,"template":"","format":"standard","meta":{"footnotes":""},"categories":[436,261,262,439],"tags":[],"class_list":["post-134595","post","type-post","status-publish","format-standard","has-post-thumbnail","hentry","category-destaque-da-semana","category-economia","category-noticias","category-ultima-hora"],"_links":{"self":[{"href":"https:\/\/diarioregionaldigital.com.br\/index.php?rest_route=\/wp\/v2\/posts\/134595","targetHints":{"allow":["GET"]}}],"collection":[{"href":"https:\/\/diarioregionaldigital.com.br\/index.php?rest_route=\/wp\/v2\/posts"}],"about":[{"href":"https:\/\/diarioregionaldigital.com.br\/index.php?rest_route=\/wp\/v2\/types\/post"}],"author":[{"embeddable":true,"href":"https:\/\/diarioregionaldigital.com.br\/index.php?rest_route=\/wp\/v2\/users\/96"}],"replies":[{"embeddable":true,"href":"https:\/\/diarioregionaldigital.com.br\/index.php?rest_route=%2Fwp%2Fv2%2Fcomments&post=134595"}],"version-history":[{"count":0,"href":"https:\/\/diarioregionaldigital.com.br\/index.php?rest_route=\/wp\/v2\/posts\/134595\/revisions"}],"wp:featuredmedia":[{"embeddable":true,"href":"https:\/\/diarioregionaldigital.com.br\/index.php?rest_route=\/wp\/v2\/media\/134596"}],"wp:attachment":[{"href":"https:\/\/diarioregionaldigital.com.br\/index.php?rest_route=%2Fwp%2Fv2%2Fmedia&parent=134595"}],"wp:term":[{"taxonomy":"category","embeddable":true,"href":"https:\/\/diarioregionaldigital.com.br\/index.php?rest_route=%2Fwp%2Fv2%2Fcategories&post=134595"},{"taxonomy":"post_tag","embeddable":true,"href":"https:\/\/diarioregionaldigital.com.br\/index.php?rest_route=%2Fwp%2Fv2%2Ftags&post=134595"}],"curies":[{"name":"wp","href":"https:\/\/api.w.org\/{rel}","templated":true}]}}