{"id":134592,"date":"2019-02-22T12:32:45","date_gmt":"2019-02-22T15:32:45","guid":{"rendered":"https:\/\/diarioregionaldigital.com.br\/?p=134592"},"modified":"2019-02-22T12:32:45","modified_gmt":"2019-02-22T15:32:45","slug":"homem-suspeito-de-escapar-de-abordagem-da-policia-civil-e-detido-pela-pm","status":"publish","type":"post","link":"https:\/\/diarioregionaldigital.com.br\/?p=134592","title":{"rendered":"Homem suspeito de escapar de abordagem da Pol\u00edcia Civil \u00e9 detido pela PM"},"content":{"rendered":"<p>Um homem de 67 anos, suspeito de fugir de uma abordagem que seria realizada pela Pol\u00edcia Civil, foi detido pela Pol\u00edcia Militar na tarde dessa quinta-feira, 21, na BR-040 na altura do bairro Salvaterra, zona Sul de Juiz de Fora.<\/p>\n<p>Segundo as informa\u00e7\u00f5es, os militares receberam a den\u00fancia de que ele teria seguido de carro para a regi\u00e3o central da cidade e estava de posse de uma arma. O homem foi abordado pela Pol\u00edcia Militar ao estacionar o carro na rua Primeiro de Maio, no bairro Centen\u00e1rio.<\/p>\n<p>Ao ser abordado o homem relatou n\u00e3o ter sido abordado ou interceptado por nenhuma viatura policial. Ele relatou ao militares que estava em casa na data em quest\u00e3o, quando iniciou uma discuss\u00e3o com sua filha por motivos familiares. Ele ainda disse que os \u00e2nimos se exaltaram com a presen\u00e7a do filho, que teria partido para cima do pai o agredindo.<\/p>\n<p>Ap\u00f3s as agress\u00f5es, o idoso se encaminhou para a Santa Casa para ser medicado. Ele sofreu les\u00f5es na face, no pesco\u00e7o, no bra\u00e7o direito e na m\u00e3o esquerda. Ap\u00f3s o atendimento, o homem teria seguido para a delegacia para registrar uma ocorr\u00eancia de agress\u00e3o.<\/p>\n<p>A arma n\u00e3o foi encontrada no ve\u00edculo como apontava a den\u00fancia, sendo assim a PM seguiu at\u00e9 a casa do envolvido, na BR-040, e no local foi apreendida uma espingarda calibre 12 e seis muni\u00e7\u00f5es de diferentes calibre.<\/p>\n<p>O homem foi encaminhado para o plant\u00e3o da 1\u00aa Delegacia Regional, em Santa Terezinha.<\/p>\n","protected":false},"excerpt":{"rendered":"<p>Um homem de 67 anos, suspeito de fugir de uma abordagem que seria realizada pela Pol\u00edcia Civil, foi detido pela Pol\u00edcia Militar na tarde dessa quinta-feira, 21, na BR-040 na altura do bairro Salvaterra, zona Sul de Juiz de Fora. Segundo as informa\u00e7\u00f5es, os militares receberam a den\u00fancia de que ele teria seguido de carro [&hellip;]<\/p>\n","protected":false},"author":96,"featured_media":95836,"comment_status":"closed","ping_status":"closed","sticky":false,"template":"","format":"standard","meta":{"footnotes":""},"categories":[301,436,439],"tags":[],"class_list":["post-134592","post","type-post","status-publish","format-standard","has-post-thumbnail","hentry","category-artigos-policiais","category-destaque-da-semana","category-ultima-hora"],"_links":{"self":[{"href":"https:\/\/diarioregionaldigital.com.br\/index.php?rest_route=\/wp\/v2\/posts\/134592","targetHints":{"allow":["GET"]}}],"collection":[{"href":"https:\/\/diarioregionaldigital.com.br\/index.php?rest_route=\/wp\/v2\/posts"}],"about":[{"href":"https:\/\/diarioregionaldigital.com.br\/index.php?rest_route=\/wp\/v2\/types\/post"}],"author":[{"embeddable":true,"href":"https:\/\/diarioregionaldigital.com.br\/index.php?rest_route=\/wp\/v2\/users\/96"}],"replies":[{"embeddable":true,"href":"https:\/\/diarioregionaldigital.com.br\/index.php?rest_route=%2Fwp%2Fv2%2Fcomments&post=134592"}],"version-history":[{"count":0,"href":"https:\/\/diarioregionaldigital.com.br\/index.php?rest_route=\/wp\/v2\/posts\/134592\/revisions"}],"wp:featuredmedia":[{"embeddable":true,"href":"https:\/\/diarioregionaldigital.com.br\/index.php?rest_route=\/wp\/v2\/media\/95836"}],"wp:attachment":[{"href":"https:\/\/diarioregionaldigital.com.br\/index.php?rest_route=%2Fwp%2Fv2%2Fmedia&parent=134592"}],"wp:term":[{"taxonomy":"category","embeddable":true,"href":"https:\/\/diarioregionaldigital.com.br\/index.php?rest_route=%2Fwp%2Fv2%2Fcategories&post=134592"},{"taxonomy":"post_tag","embeddable":true,"href":"https:\/\/diarioregionaldigital.com.br\/index.php?rest_route=%2Fwp%2Fv2%2Ftags&post=134592"}],"curies":[{"name":"wp","href":"https:\/\/api.w.org\/{rel}","templated":true}]}}