{"id":134586,"date":"2019-02-22T12:13:04","date_gmt":"2019-02-22T15:13:04","guid":{"rendered":"https:\/\/diarioregionaldigital.com.br\/?p=134586"},"modified":"2019-02-23T12:31:55","modified_gmt":"2019-02-23T15:31:55","slug":"projeto-preve-a-criacao-de-bolsoes-para-ciclistas-e-motociclistas-em-jf","status":"publish","type":"post","link":"https:\/\/diarioregionaldigital.com.br\/?p=134586","title":{"rendered":"Projeto prev\u00ea a cria\u00e7\u00e3o de \u201cbols\u00f5es\u201d para ciclistas e motociclistas em JF"},"content":{"rendered":"<div>Com o prop\u00f3sito de mitigar os registros de acidentes de tr\u00e2nsito envolvendo ciclistas e motociclistas em Juiz de Fora, o vereador Andr\u00e9 Mariano (PSC) apresentou um Projeto de Lei (PL) que estabelece a implanta\u00e7\u00e3o de faixa de reten\u00e7\u00e3o e recuo exclusivo para bicicletas e motocicletas nas vias p\u00fablicas equipadas com sem\u00e1foros no munic\u00edpio. Em tramita\u00e7\u00e3o na C\u00e2mara Municipal, a proposta foi aprovada em 3\u00aa discuss\u00e3o na reuni\u00e3o desta sexta-feira, 22, no Plen\u00e1rio.<\/div>\n<p dir=\"ltr\">De acordo com as proposi\u00e7\u00f5es do PL, o objetivo \u00e9 criar o recuo de faixa, espa\u00e7o livre demarcado antes da faixa de pedestres, exclusivo para que ciclistas e motociclistas se posicionem \u00e0 frente dos demais ve\u00edculos automotores enquanto aguardam a libera\u00e7\u00e3o do sem\u00e1foro para transitar.<\/p>\n<p>Na justificativa anexada ao processo, Andr\u00e9 salienta a preocupa\u00e7\u00e3o em rela\u00e7\u00e3o aos acidentes graves e tamb\u00e9m \u00e0s mortes envolvendo ciclistas e motociclistas ao redor do pa\u00eds e, consequentemente, em Juiz de Fora. Nesse cen\u00e1rio, ele afirma que \u201ca institui\u00e7\u00e3o de espa\u00e7os livres para a perman\u00eancia de ciclistas e motociclistas \u00e9 mais uma maneira de prote\u00e7\u00e3o aos elementos mais fr\u00e1geis do tr\u00e2nsito, melhorando a visibilidade dos ve\u00edculos e pedestres\u201d.<\/p>\n<p>Para ele, os &#8220;bols\u00f5es&#8221; para bicicletas e motos, como s\u00e3o popularmente conhecidos, al\u00e9m de impedir novos acidentes, ainda v\u00e3o promover mais conscientiza\u00e7\u00e3o entre a popula\u00e7\u00e3o para conter a viol\u00eancia no tr\u00e2nsito. A mensagem segue para san\u00e7\u00e3o do Executivo.<\/p>\n<p>Fonte: Assessoria<\/p>\n","protected":false},"excerpt":{"rendered":"<p>Com o prop\u00f3sito de mitigar os registros de acidentes de tr\u00e2nsito envolvendo ciclistas e motociclistas em Juiz de Fora, o vereador Andr\u00e9 Mariano (PSC) apresentou um Projeto de Lei (PL) que estabelece a implanta\u00e7\u00e3o de faixa de reten\u00e7\u00e3o e recuo exclusivo para bicicletas e motocicletas nas vias p\u00fablicas equipadas com sem\u00e1foros no munic\u00edpio. Em tramita\u00e7\u00e3o [&hellip;]<\/p>\n","protected":false},"author":96,"featured_media":134587,"comment_status":"closed","ping_status":"closed","sticky":false,"template":"","format":"standard","meta":{"footnotes":""},"categories":[253,436,440,439],"tags":[],"class_list":["post-134586","post","type-post","status-publish","format-standard","has-post-thumbnail","hentry","category-cidade","category-destaque-da-semana","category-destaques-do-dia","category-ultima-hora"],"_links":{"self":[{"href":"https:\/\/diarioregionaldigital.com.br\/index.php?rest_route=\/wp\/v2\/posts\/134586","targetHints":{"allow":["GET"]}}],"collection":[{"href":"https:\/\/diarioregionaldigital.com.br\/index.php?rest_route=\/wp\/v2\/posts"}],"about":[{"href":"https:\/\/diarioregionaldigital.com.br\/index.php?rest_route=\/wp\/v2\/types\/post"}],"author":[{"embeddable":true,"href":"https:\/\/diarioregionaldigital.com.br\/index.php?rest_route=\/wp\/v2\/users\/96"}],"replies":[{"embeddable":true,"href":"https:\/\/diarioregionaldigital.com.br\/index.php?rest_route=%2Fwp%2Fv2%2Fcomments&post=134586"}],"version-history":[{"count":0,"href":"https:\/\/diarioregionaldigital.com.br\/index.php?rest_route=\/wp\/v2\/posts\/134586\/revisions"}],"wp:featuredmedia":[{"embeddable":true,"href":"https:\/\/diarioregionaldigital.com.br\/index.php?rest_route=\/wp\/v2\/media\/134587"}],"wp:attachment":[{"href":"https:\/\/diarioregionaldigital.com.br\/index.php?rest_route=%2Fwp%2Fv2%2Fmedia&parent=134586"}],"wp:term":[{"taxonomy":"category","embeddable":true,"href":"https:\/\/diarioregionaldigital.com.br\/index.php?rest_route=%2Fwp%2Fv2%2Fcategories&post=134586"},{"taxonomy":"post_tag","embeddable":true,"href":"https:\/\/diarioregionaldigital.com.br\/index.php?rest_route=%2Fwp%2Fv2%2Ftags&post=134586"}],"curies":[{"name":"wp","href":"https:\/\/api.w.org\/{rel}","templated":true}]}}