{"id":134584,"date":"2019-02-22T12:08:31","date_gmt":"2019-02-22T15:08:31","guid":{"rendered":"https:\/\/diarioregionaldigital.com.br\/?p=134584"},"modified":"2019-02-22T12:08:31","modified_gmt":"2019-02-22T15:08:31","slug":"camara-de-muriae-aprova-projeto-que-preve-multa-por-sujar-areas-publicas","status":"publish","type":"post","link":"https:\/\/diarioregionaldigital.com.br\/?p=134584","title":{"rendered":"C\u00e2mara de Muria\u00e9 aprova projeto que prev\u00ea multa por sujar \u00e1reas p\u00fablicas"},"content":{"rendered":"<p><span>Um dos projetos aprovados na sess\u00e3o de ter\u00e7a-feira, 19, foi do vereador Ademar Camerino (PROS) que disp\u00f5e sobre a aplica\u00e7\u00e3o de multa ao cidad\u00e3o flagrado jogando lixo nos logradouros p\u00fablicos. Segundo o projeto ser\u00e1 multado na forma da Lei, todo cidad\u00e3o ou representante de pessoa jur\u00eddica que for flagrado, denunciado ou filmado por dispositivos eletr\u00f4nicos jogando qualquer tipo de lixo fora dos equipamentos destinados para este fim nos logradouros p\u00fablicos e terrenos baldios do munic\u00edpio de Muria\u00e9 (\u00e1reas urbanas e rurais).<\/span><\/p>\n<p><span>A den\u00fancia dever\u00e1 ser encaminhada ao Departamento Municipal de Saneamento Urbano \u2013 DEMSUR \u2013 que vai estabelecer as penalidades e san\u00e7\u00f5es por meio de auto de infra\u00e7\u00e3o lavrado contra o infrator, contendo as seguintes informa\u00e7\u00f5es:<\/span><\/p>\n<p><span>\u2013 local, data e hora do fato;<\/span><br \/>\n<span>\u2013 qualifica\u00e7\u00e3o do autuado;<\/span><br \/>\n<span>\u2013 descri\u00e7\u00e3o do fato constitu\u00eddo da infra\u00e7\u00e3o;<\/span><br \/>\n<span>\u2013 dispositivo legal infringido;<\/span><br \/>\n<span>\u2013 identifica\u00e7\u00e3o do agente atuante, contendo sua assinatura, cargo ou fun\u00e7\u00e3o e o n\u00famero de matr\u00edcula;<\/span><br \/>\n<span>\u2013 notifica\u00e7\u00e3o do autuado.<\/span><\/p>\n<p><span>O projeto autoriza o Executivo a criar pontos de recebimentos de entulhos e de materiais recicl\u00e1veis e descart\u00e1veis, a ser por este, regulamentado. Os recursos financeiros provenientes das multas aplicadas ser\u00e3o destinados \u00e0 Secretaria relacionada ao Meio Ambiente, para aplica\u00e7\u00e3o de recursos.<\/span><\/p>\n<p>Fonte: Assessoria<\/p>\n","protected":false},"excerpt":{"rendered":"<p>Um dos projetos aprovados na sess\u00e3o de ter\u00e7a-feira, 19, foi do vereador Ademar Camerino (PROS) que disp\u00f5e sobre a aplica\u00e7\u00e3o de multa ao cidad\u00e3o flagrado jogando lixo nos logradouros p\u00fablicos. Segundo o projeto ser\u00e1 multado na forma da Lei, todo cidad\u00e3o ou representante de pessoa jur\u00eddica que for flagrado, denunciado ou filmado por dispositivos eletr\u00f4nicos [&hellip;]<\/p>\n","protected":false},"author":96,"featured_media":95105,"comment_status":"closed","ping_status":"closed","sticky":false,"template":"","format":"standard","meta":{"footnotes":""},"categories":[436,252,439],"tags":[],"class_list":["post-134584","post","type-post","status-publish","format-standard","has-post-thumbnail","hentry","category-destaque-da-semana","category-regiao","category-ultima-hora"],"_links":{"self":[{"href":"https:\/\/diarioregionaldigital.com.br\/index.php?rest_route=\/wp\/v2\/posts\/134584","targetHints":{"allow":["GET"]}}],"collection":[{"href":"https:\/\/diarioregionaldigital.com.br\/index.php?rest_route=\/wp\/v2\/posts"}],"about":[{"href":"https:\/\/diarioregionaldigital.com.br\/index.php?rest_route=\/wp\/v2\/types\/post"}],"author":[{"embeddable":true,"href":"https:\/\/diarioregionaldigital.com.br\/index.php?rest_route=\/wp\/v2\/users\/96"}],"replies":[{"embeddable":true,"href":"https:\/\/diarioregionaldigital.com.br\/index.php?rest_route=%2Fwp%2Fv2%2Fcomments&post=134584"}],"version-history":[{"count":0,"href":"https:\/\/diarioregionaldigital.com.br\/index.php?rest_route=\/wp\/v2\/posts\/134584\/revisions"}],"wp:featuredmedia":[{"embeddable":true,"href":"https:\/\/diarioregionaldigital.com.br\/index.php?rest_route=\/wp\/v2\/media\/95105"}],"wp:attachment":[{"href":"https:\/\/diarioregionaldigital.com.br\/index.php?rest_route=%2Fwp%2Fv2%2Fmedia&parent=134584"}],"wp:term":[{"taxonomy":"category","embeddable":true,"href":"https:\/\/diarioregionaldigital.com.br\/index.php?rest_route=%2Fwp%2Fv2%2Fcategories&post=134584"},{"taxonomy":"post_tag","embeddable":true,"href":"https:\/\/diarioregionaldigital.com.br\/index.php?rest_route=%2Fwp%2Fv2%2Ftags&post=134584"}],"curies":[{"name":"wp","href":"https:\/\/api.w.org\/{rel}","templated":true}]}}