{"id":134581,"date":"2019-02-22T12:02:30","date_gmt":"2019-02-22T15:02:30","guid":{"rendered":"https:\/\/diarioregionaldigital.com.br\/?p=134581"},"modified":"2019-02-22T12:02:30","modified_gmt":"2019-02-22T15:02:30","slug":"pjf-divulga-edital-para-contratacao-temporaria-de-medico","status":"publish","type":"post","link":"https:\/\/diarioregionaldigital.com.br\/?p=134581","title":{"rendered":"PJF divulga edital para contrata\u00e7\u00e3o tempor\u00e1ria de m\u00e9dico"},"content":{"rendered":"<p>A Secretaria de Administra\u00e7\u00e3o e Recursos Humanos (SARH) da A Prefeitura de Juiz de Fora (PJF) divulgou o edital para o processo seletivo simplificado para contrata\u00e7\u00e3o tempor\u00e1ria de M\u00e9dico &#8211; Sa\u00fade da Fam\u00edlia e Comunidade (Edital n\u00ba 393 &#8211; SARH).<\/p>\n<p>As inscri\u00e7\u00f5es ter\u00e3o a partir das 9 horas da pr\u00f3xima segunda-feira, 25, e poder\u00e3o ser feitas at\u00e9 as 23h59 da sexta-feira, 1 de mar\u00e7o, exclusivamente pelo site da PJF.<\/p>\n<p>\u00c9 necess\u00e1rio ter curso superior completo de medicina e registro no conselho regional da categoria para participar. A entrega de t\u00edtulos para valida\u00e7\u00e3o das informa\u00e7\u00f5es prestadas dever\u00e1 ser feita nos dias 7 ou 8 de mar\u00e7o, na Av. Brasil, 2.001, 8\u00ba andar, das 8h30 \u00e0s 11h30 ou das 14h30 \u00e0s 17h30.<\/p>\n<p>A documenta\u00e7\u00e3o dever\u00e1 ser entregue com a c\u00f3pia do documento de identidade, pessoalmente ou por terceiros, em envelope lacrado, com o comprovante de inscri\u00e7\u00e3o, que servir\u00e1 de recibo.<\/p>\n<p><a href=\"https:\/\/www.pjf.mg.gov.br\/e_atos\/e_atos_vis.php?id=67075\">O edital completo pode ser conferido no site da Prefeitura de Juiz de Fora.<\/a><\/p>\n","protected":false},"excerpt":{"rendered":"<p>A Secretaria de Administra\u00e7\u00e3o e Recursos Humanos (SARH) da A Prefeitura de Juiz de Fora (PJF) divulgou o edital para o processo seletivo simplificado para contrata\u00e7\u00e3o tempor\u00e1ria de M\u00e9dico &#8211; Sa\u00fade da Fam\u00edlia e Comunidade (Edital n\u00ba 393 &#8211; SARH). As inscri\u00e7\u00f5es ter\u00e3o a partir das 9 horas da pr\u00f3xima segunda-feira, 25, e poder\u00e3o ser [&hellip;]<\/p>\n","protected":false},"author":96,"featured_media":134582,"comment_status":"closed","ping_status":"closed","sticky":false,"template":"","format":"standard","meta":{"footnotes":""},"categories":[253,436,439],"tags":[],"class_list":["post-134581","post","type-post","status-publish","format-standard","has-post-thumbnail","hentry","category-cidade","category-destaque-da-semana","category-ultima-hora"],"_links":{"self":[{"href":"https:\/\/diarioregionaldigital.com.br\/index.php?rest_route=\/wp\/v2\/posts\/134581","targetHints":{"allow":["GET"]}}],"collection":[{"href":"https:\/\/diarioregionaldigital.com.br\/index.php?rest_route=\/wp\/v2\/posts"}],"about":[{"href":"https:\/\/diarioregionaldigital.com.br\/index.php?rest_route=\/wp\/v2\/types\/post"}],"author":[{"embeddable":true,"href":"https:\/\/diarioregionaldigital.com.br\/index.php?rest_route=\/wp\/v2\/users\/96"}],"replies":[{"embeddable":true,"href":"https:\/\/diarioregionaldigital.com.br\/index.php?rest_route=%2Fwp%2Fv2%2Fcomments&post=134581"}],"version-history":[{"count":0,"href":"https:\/\/diarioregionaldigital.com.br\/index.php?rest_route=\/wp\/v2\/posts\/134581\/revisions"}],"wp:featuredmedia":[{"embeddable":true,"href":"https:\/\/diarioregionaldigital.com.br\/index.php?rest_route=\/wp\/v2\/media\/134582"}],"wp:attachment":[{"href":"https:\/\/diarioregionaldigital.com.br\/index.php?rest_route=%2Fwp%2Fv2%2Fmedia&parent=134581"}],"wp:term":[{"taxonomy":"category","embeddable":true,"href":"https:\/\/diarioregionaldigital.com.br\/index.php?rest_route=%2Fwp%2Fv2%2Fcategories&post=134581"},{"taxonomy":"post_tag","embeddable":true,"href":"https:\/\/diarioregionaldigital.com.br\/index.php?rest_route=%2Fwp%2Fv2%2Ftags&post=134581"}],"curies":[{"name":"wp","href":"https:\/\/api.w.org\/{rel}","templated":true}]}}