{"id":134578,"date":"2019-02-22T11:35:54","date_gmt":"2019-02-22T14:35:54","guid":{"rendered":"https:\/\/diarioregionaldigital.com.br\/?p=134578"},"modified":"2019-02-22T11:35:54","modified_gmt":"2019-02-22T14:35:54","slug":"bolsa-abre-em-alta-dolar-e-cotado-a-r-374","status":"publish","type":"post","link":"https:\/\/diarioregionaldigital.com.br\/?p=134578","title":{"rendered":"Bolsa abre em alta; d\u00f3lar \u00e9 cotado a R$ 3,74"},"content":{"rendered":"<p>O Ibovespa, principal \u00edndice da Bolsa de Valores, abriu hoje, 22, em leve alta de 0,10%, com pouco mais de 97 mil pontos.<\/p>\n<p>O mercado est\u00e1 atento \u00e0 reuni\u00e3o dos Estados Unidos com a China, o que poder\u00e1 definir o fim da guerra comercial entre os dois pa\u00edses.<\/p>\n<p>Nos primeiros minutos de opera\u00e7\u00e3o, a Bolsa de S\u00e3o Paulo (B3) negociava o d\u00f3lar em queda de 0,81%, cotado a R$ 3,74.<\/p>\n<p>Fonte: Ag\u00eancia Brasil<\/p>\n","protected":false},"excerpt":{"rendered":"<p>O Ibovespa, principal \u00edndice da Bolsa de Valores, abriu hoje, 22, em leve alta de 0,10%, com pouco mais de 97 mil pontos. O mercado est\u00e1 atento \u00e0 reuni\u00e3o dos Estados Unidos com a China, o que poder\u00e1 definir o fim da guerra comercial entre os dois pa\u00edses. Nos primeiros minutos de opera\u00e7\u00e3o, a Bolsa [&hellip;]<\/p>\n","protected":false},"author":96,"featured_media":134579,"comment_status":"closed","ping_status":"closed","sticky":false,"template":"","format":"standard","meta":{"footnotes":""},"categories":[436,261,439],"tags":[],"class_list":["post-134578","post","type-post","status-publish","format-standard","has-post-thumbnail","hentry","category-destaque-da-semana","category-economia","category-ultima-hora"],"_links":{"self":[{"href":"https:\/\/diarioregionaldigital.com.br\/index.php?rest_route=\/wp\/v2\/posts\/134578","targetHints":{"allow":["GET"]}}],"collection":[{"href":"https:\/\/diarioregionaldigital.com.br\/index.php?rest_route=\/wp\/v2\/posts"}],"about":[{"href":"https:\/\/diarioregionaldigital.com.br\/index.php?rest_route=\/wp\/v2\/types\/post"}],"author":[{"embeddable":true,"href":"https:\/\/diarioregionaldigital.com.br\/index.php?rest_route=\/wp\/v2\/users\/96"}],"replies":[{"embeddable":true,"href":"https:\/\/diarioregionaldigital.com.br\/index.php?rest_route=%2Fwp%2Fv2%2Fcomments&post=134578"}],"version-history":[{"count":0,"href":"https:\/\/diarioregionaldigital.com.br\/index.php?rest_route=\/wp\/v2\/posts\/134578\/revisions"}],"wp:featuredmedia":[{"embeddable":true,"href":"https:\/\/diarioregionaldigital.com.br\/index.php?rest_route=\/wp\/v2\/media\/134579"}],"wp:attachment":[{"href":"https:\/\/diarioregionaldigital.com.br\/index.php?rest_route=%2Fwp%2Fv2%2Fmedia&parent=134578"}],"wp:term":[{"taxonomy":"category","embeddable":true,"href":"https:\/\/diarioregionaldigital.com.br\/index.php?rest_route=%2Fwp%2Fv2%2Fcategories&post=134578"},{"taxonomy":"post_tag","embeddable":true,"href":"https:\/\/diarioregionaldigital.com.br\/index.php?rest_route=%2Fwp%2Fv2%2Ftags&post=134578"}],"curies":[{"name":"wp","href":"https:\/\/api.w.org\/{rel}","templated":true}]}}