{"id":134571,"date":"2019-02-24T06:00:39","date_gmt":"2019-02-24T09:00:39","guid":{"rendered":"https:\/\/diarioregionaldigital.com.br\/?p=134571"},"modified":"2019-02-22T11:28:21","modified_gmt":"2019-02-22T14:28:21","slug":"aumente-a-sua-inteligencia-2","status":"publish","type":"post","link":"https:\/\/diarioregionaldigital.com.br\/?p=134571","title":{"rendered":"AUMENTE A SUA INTELIG\u00caNCIA"},"content":{"rendered":"<p>Os hemisf\u00e9rios esquerdo e direito de nosso c\u00e9rebro t\u00eam propriedades diferentes. O segredo do sucesso \u00e9 balancear os dois.<\/p>\n<p>Como a nossa educa\u00e7\u00e3o valoriza o hemisf\u00e9rio esquerdo, o direito se inibe. Pode-se dizer que ele vai definhando pela falta de uso. Para reverter essa atrofia e obter um balanceamento, vamos nos concentrar na expans\u00e3o do hemisf\u00e9rio direito, que \u00e9 a porta de entrada para o inconsciente.<\/p>\n<p>Quando as pessoas come\u00e7am a desenvolver o hemisf\u00e9rio direito do c\u00e9rebro, costumam dizer coisas como: \u201cEu pensava que era inteligente, agora vejo o quanto tinha para melhorar\u201d. O que ocorre \u00e9 uma mudan\u00e7a na refer\u00eancia que essas pessoas tinham.<\/p>\n<p>Uma fonte de ideias<\/p>\n<p>As grandes ideias v\u00eam todas do hemisf\u00e9rio direito do c\u00e9rebro. E, para o hemisf\u00e9rio direito trabalhar, voc\u00ea tem de estar relaxado.<\/p>\n<p>Sabe como Albert Einstein descobriu a teoria da relatividade? Deitado numa rede, no fundo do quintal de sua casa, imaginando que viajava num raio de luz.<\/p>\n<p>E sabe como Arquimedes descobriu o princ\u00edpio que leva o seu nome? O rei ganhara de um vizinho uma coroa de ouro e Arquimedes, s\u00e1bio da corte e reconhecido matem\u00e1tico, foi chamado para descobrir, sem destruir a coroa, se ela era mesmo de ouro ou se tinha prata misturada. Ele disse que isso era imposs\u00edvel. E o rei disse que, imposs\u00edvel ou n\u00e3o, ele tinha cinco dias para resolver o problema. Se n\u00e3o conseguisse, seria decapitado ao final do quinto dia. (Boa motiva\u00e7\u00e3o, n\u00e3o?)<\/p>\n<p>Arquimedes foi para casa, batalhou, batalhou, at\u00e9 que desistiu de resolver o problema e foi tomar um banho. Estava na banheira, quando, de repente, encontrou a solu\u00e7\u00e3o para o problema do rei. Foi ent\u00e3o que ele saiu nu pela rua gritando: Eureca! Eureca! Eureca! (achei, em grego). Ou seja, ao tomar banho, relaxado, ele teve a id\u00e9ia de que a densidade da prata era diferente da densidade do ouro e, em conseq\u00fc\u00eancia, iam afundar na \u00e1gua em tempos diferentes. Fazendo, ent\u00e3o, uma nova coroa de ouro, para n\u00e3o destruir a original, e uma similar de prata, e submetendo-as a sucessivas avalia\u00e7\u00f5es dentro da \u00e1gua, ele descobriu o que ficou conhecido como o princ\u00edpio de Arquimedes, gra\u00e7as ao qual as navega\u00e7\u00f5es, naquela \u00e9poca, se tornaram poss\u00edveis.<\/p>\n<p>Veja s\u00f3! Arquimedes, deitado na banheira, e Einstein, deitado na rede.<\/p>\n<p>Quem iria imaginar que grandes id\u00e9ias, que impulsionaram a civiliza\u00e7\u00e3o para frente, nasceram de momentos de reflex\u00e3o do hemisf\u00e9rio direito do c\u00e9rebro? Por isso \u00e9 importante aprender a trabalhar com o hemisf\u00e9rio direito, que tamb\u00e9m est\u00e1 ligado ao nosso sistema emocional.<\/p>\n<p>Ou seja: quanto mais voc\u00ea utiliza seu hemisf\u00e9rio direito, mais voc\u00ea modifica a sua percep\u00e7\u00e3o. E, \u00e0 medida que voc\u00ea modifica a sua percep\u00e7\u00e3o, mais voc\u00ea modifica a sua realidade. \u2014 Percep\u00e7\u00e3o \u00e9 realidade; tudo o mais \u00e9 ilus\u00e3o.<\/p>\n<div id=\"attachment_96755\" style=\"width: 336px\" class=\"wp-caption aligncenter\"><img loading=\"lazy\" decoding=\"async\" aria-describedby=\"caption-attachment-96755\" class=\" wp-image-96755\" src=\"https:\/\/diarioregionaldigital.com.br\/wp-content\/uploads\/2018\/04\/lair-ribeiro-min-200x300.jpg\" alt=\"Lair Ribeiro\" width=\"326\" height=\"489\" srcset=\"https:\/\/diarioregionaldigital.com.br\/wp-content\/uploads\/2018\/04\/lair-ribeiro-min-200x300.jpg 200w, https:\/\/diarioregionaldigital.com.br\/wp-content\/uploads\/2018\/04\/lair-ribeiro-min-360x540.jpg 360w, https:\/\/diarioregionaldigital.com.br\/wp-content\/uploads\/2018\/04\/lair-ribeiro-min.jpg 375w\" sizes=\"auto, (max-width: 326px) 100vw, 326px\" \/><p id=\"caption-attachment-96755\" class=\"wp-caption-text\">Dr. Lair Ribeiro \u2014 Palestrante internacional, ex-diretor da Merck Sharp &amp; Dohme e da Ciba-Geigy Corporation, nos Estados Unidos, e autor de v\u00e1rios livros que se tornaram best-sellers no Brasil e em pa\u00edses da Am\u00e9rica Latina e da Europa. M\u00e9dico cardiologista, viveu 17 anos nos Estados Unidos, onde realizou treinamentos e pesquisas na Harvard Unversity, Baylor College of Medicine<\/p><\/div>\n","protected":false},"excerpt":{"rendered":"<p>Os hemisf\u00e9rios esquerdo e direito de nosso c\u00e9rebro t\u00eam propriedades diferentes. O segredo do sucesso \u00e9 balancear os dois. Como a nossa educa\u00e7\u00e3o valoriza o hemisf\u00e9rio esquerdo, o direito se inibe. Pode-se dizer que ele vai definhando pela falta de uso. Para reverter essa atrofia e obter um balanceamento, vamos nos concentrar na expans\u00e3o do [&hellip;]<\/p>\n","protected":false},"author":96,"featured_media":134572,"comment_status":"closed","ping_status":"closed","sticky":false,"template":"","format":"standard","meta":{"footnotes":""},"categories":[435,436,274,439],"tags":[],"class_list":["post-134571","post","type-post","status-publish","format-standard","has-post-thumbnail","hentry","category-colunas","category-destaque-da-semana","category-dr-lair-ribeiro","category-ultima-hora"],"_links":{"self":[{"href":"https:\/\/diarioregionaldigital.com.br\/index.php?rest_route=\/wp\/v2\/posts\/134571","targetHints":{"allow":["GET"]}}],"collection":[{"href":"https:\/\/diarioregionaldigital.com.br\/index.php?rest_route=\/wp\/v2\/posts"}],"about":[{"href":"https:\/\/diarioregionaldigital.com.br\/index.php?rest_route=\/wp\/v2\/types\/post"}],"author":[{"embeddable":true,"href":"https:\/\/diarioregionaldigital.com.br\/index.php?rest_route=\/wp\/v2\/users\/96"}],"replies":[{"embeddable":true,"href":"https:\/\/diarioregionaldigital.com.br\/index.php?rest_route=%2Fwp%2Fv2%2Fcomments&post=134571"}],"version-history":[{"count":0,"href":"https:\/\/diarioregionaldigital.com.br\/index.php?rest_route=\/wp\/v2\/posts\/134571\/revisions"}],"wp:featuredmedia":[{"embeddable":true,"href":"https:\/\/diarioregionaldigital.com.br\/index.php?rest_route=\/wp\/v2\/media\/134572"}],"wp:attachment":[{"href":"https:\/\/diarioregionaldigital.com.br\/index.php?rest_route=%2Fwp%2Fv2%2Fmedia&parent=134571"}],"wp:term":[{"taxonomy":"category","embeddable":true,"href":"https:\/\/diarioregionaldigital.com.br\/index.php?rest_route=%2Fwp%2Fv2%2Fcategories&post=134571"},{"taxonomy":"post_tag","embeddable":true,"href":"https:\/\/diarioregionaldigital.com.br\/index.php?rest_route=%2Fwp%2Fv2%2Ftags&post=134571"}],"curies":[{"name":"wp","href":"https:\/\/api.w.org\/{rel}","templated":true}]}}