{"id":134560,"date":"2019-02-24T06:00:28","date_gmt":"2019-02-24T09:00:28","guid":{"rendered":"https:\/\/diarioregionaldigital.com.br\/?p=134560"},"modified":"2019-02-22T11:18:06","modified_gmt":"2019-02-22T14:18:06","slug":"lupus-e-fibromialgia-sao-doencas-que-integram-a-campanha-fevereiro-roxo","status":"publish","type":"post","link":"https:\/\/diarioregionaldigital.com.br\/?p=134560","title":{"rendered":"L\u00fapus e Fibromialgia s\u00e3o doen\u00e7as que integram a campanha \u201cFevereiro Roxo\u201d"},"content":{"rendered":"<p>Al\u00e9m da campanha \u201cFevereiro Laranja\u201d, que trata da Leucemia, o m\u00eas de fevereiro tamb\u00e9m \u00e9 dedicado \u00e0 conscientiza\u00e7\u00e3o sobre as doen\u00e7as L\u00fapus, Fibromialgia e Alzheimer.<\/p>\n<p>Tanto a Fibromialgia quanto o L\u00fapus n\u00e3o t\u00eam cura, mas ambas as doen\u00e7as t\u00eam tratamento. A Fibromialgia \u00e9 uma s\u00edndrome cr\u00f4nica que aumenta a sensibilidade \u00e0 dor atrav\u00e9s de nervos, provocando dor generalizada. A doen\u00e7a vem sendo cada vez mais comentada. Em 2017, a Fibromialgia ganhou destaque na m\u00eddia ap\u00f3s a cantora Lady Gaga, que convive com a doen\u00e7a, falar sobre o assunto em seu document\u00e1rio lan\u00e7ado na Netflix no ano em quest\u00e3o. Ainda em 2017, ela teve de cancelar sua apresenta\u00e7\u00e3o no Rock in Rio devido ao problema e as fortes dores que estava sentindo e, posteriormente, cancelou o restante da turn\u00ea para dedicar mais tempo aos cuidados com a sa\u00fade.<\/p>\n<p>O L\u00fapus \u00e9 uma doen\u00e7a inflamat\u00f3ria cr\u00f4nica de origem autoimune, que apresenta grande diversidade de sinais cl\u00ednicos. A doen\u00e7a pode ocorrer qualquer pessoa, independente de idade ou g\u00eanero, mas as mulheres s\u00e3o muito mais acometidas. Os sintomas podem surgir em diversos \u00f3rg\u00e3os de forma lenta e progressiva ou mais rapidamente. Tamb\u00e9m no ano de 2017, a doen\u00e7a foi bastante discutida ap\u00f3s uma foto publicada pela cantora Selena Gomez nas redes sociais. Na ocasi\u00e3o, ela postou uma foto ap\u00f3s passar por um transplante de rim. Ela estava ao lado da doadora do \u00f3rg\u00e3o.<\/p>\n<p>N\u00f3s conversamos com o reumatologista, Ant\u00f4nio Scafuto Scotton, para entender melhor as duas doen\u00e7as.<\/p>\n<div id=\"attachment_134566\" style=\"width: 534px\" class=\"wp-caption aligncenter\"><img loading=\"lazy\" decoding=\"async\" aria-describedby=\"caption-attachment-134566\" class=\" wp-image-134566\" src=\"https:\/\/diarioregionaldigital.com.br\/wp-content\/uploads\/2019\/02\/FOTO-01-RAFAELA-300x200.jpg\" alt=\"\" width=\"524\" height=\"349\" srcset=\"https:\/\/diarioregionaldigital.com.br\/wp-content\/uploads\/2019\/02\/FOTO-01-RAFAELA-300x200.jpg 300w, https:\/\/diarioregionaldigital.com.br\/wp-content\/uploads\/2019\/02\/FOTO-01-RAFAELA-768x512.jpg 768w, https:\/\/diarioregionaldigital.com.br\/wp-content\/uploads\/2019\/02\/FOTO-01-RAFAELA-1024x683.jpg 1024w, https:\/\/diarioregionaldigital.com.br\/wp-content\/uploads\/2019\/02\/FOTO-01-RAFAELA-360x240.jpg 360w\" sizes=\"auto, (max-width: 524px) 100vw, 524px\" \/><p id=\"caption-attachment-134566\" class=\"wp-caption-text\">Al\u00e9m da campanha \u201cFevereiro Laranja\u201d, que trata da Leucemia, o m\u00eas de fevereiro tamb\u00e9m \u00e9 dedicado \u00e0 conscientiza\u00e7\u00e3o sobre as doen\u00e7as L\u00fapus, Fibromialgia e Alzheimer. Foto: Rafaela Frutuoso<\/p><\/div>\n<p>FIBROMIALGIA<\/p>\n<p>No Brasil, estima-se que 2,5% da popula\u00e7\u00e3o conviva com a Fibromialgia, sendo que 90% dos afetados s\u00e3o mulheres. Mundialmente, ela afeta de 2% e 4% das pessoas, entre 30 e 55 anos. Outras agravantes da s\u00edndrome s\u00e3o depress\u00e3o ou ansiedade, que atinge entre 30% e 50% dos pacientes.<\/p>\n<p>Entre os sintomas, explica Scafutto, est\u00e3o a dor, o cansa\u00e7o (que n\u00e3o melhora com repouso), ansiedade e sono n\u00e3o reparador. \u201c\u00c9 a dor \u00e9 difusa que est\u00e1 ligada a um componente emocional\u201d, explica. Aqueles que possuem a s\u00edndrome tem muita dificuldade em discriminar a dor.<\/p>\n<p>Quanto ao tratamento, o Reumatologista orienta a pr\u00e1tica de atividades f\u00edsicas. \u201cAlguns pacientes n\u00e3o aderem ao protocolo, n\u00e3o atendem as nossas orienta\u00e7\u00f5es e isso acaba aumentando o quadro de ansiedade e depress\u00e3o, pro exemplo, reduzindo a efic\u00e1cia do tratamento\u201d, alerta. A pr\u00e1tica de atividades vai ajudar ao paciente entender mais a dor e aderir melhor ao tratamento.<\/p>\n<p>Al\u00e9m disso, o tratamento tamb\u00e9m pode ser acompanhado de alguns antidepressivos, alguns anticonvulsivantes e ansiol\u00edticos. Alimenta\u00e7\u00e3o saud\u00e1vel tamb\u00e9m \u00e9 indicada para os diagnosticados com a doen\u00e7a.<\/p>\n<p>L\u00daPUS<\/p>\n<p>Embora a causa do L\u00fapus ainda n\u00e3o seja conhecida, fatores gen\u00e9ticos, hormonais e ambientais participam do desenvolvimento da doen\u00e7a. Segundo<\/p>\n<p>Ant\u00f4nio Scafuto, a doen\u00e7a atinge 9 mulheres para cada um homem. Sendo mais diagnosticada em mulheres jovens. \u201c\u00c9 na terceira d\u00e9cada de vida entre os 25 a 35 anos\u201d, explica.<\/p>\n<p>O reumatologista destaca que \u00e9 importante ficar atento aos sintomas, como manchas pelo corpo e dor articular em pontos mais espec\u00edficos, como m\u00e3os, punhos, cotovelo, joelho, p\u00e9s. Ele ainda comenta que tamb\u00e9m pode haver incha\u00e7o dos g\u00e2nglios. \u00c9 importante tamb\u00e9m estar alerta aos sintomas mais gerais, como febre, emagrecimento, perda de apetite, fraqueza e des\u00e2nimo. Em geral, os \u00f3rg\u00e3os mais atingidos pela doen\u00e7a s\u00e3o pele, rins e articula\u00e7\u00f5es.<\/p>\n<p>Scafutto alerta que as pessoas com L\u00fapus devem ficar atentas a alguns cuidados como, por exemplo, evitar exposi\u00e7\u00e3o ao sol. \u00c9 orientado, sempre, o uso do protetor solar. Al\u00e9m disso, evitar uso de anticoncepcional \u00e0 base de estr\u00f3geno, que \u00e9 contra-indiciado pelos profissionais que tratam da doen\u00e7a.<\/p>\n<p>O Reumatologista ainda comenta sobre um mito, um tabu, que cerca a doen\u00e7a sobre mulheres diagnosticadas com L\u00fapus n\u00e3o poderem engravidar. \u201cIsso n\u00e3o \u00e9 verdade, elas podem engravidar. \u00c9 recomendado que essas mulheres n\u00e3o engravidem naquele per\u00edodo em que elas estiverem com a doen\u00e7a em atividade porque pode piorar o quadro. Tamb\u00e9m n\u00e3o \u00e9 indicado em casos em que elas estejam tomando alguma medica\u00e7\u00e3o que contra-indica a gravidez\u201d, disse.<\/p>\n<p>De acordo com a Sociedade Brasileira de Reumatologia, o tratamento contra l\u00fapus pode variar muito de acordo com as manifesta\u00e7\u00f5es da doen\u00e7a. Ter uma dieta saud\u00e1vel, fazer atividade f\u00edsica, n\u00e3o fumar e fazer acompanhamento m\u00e9dico ajuda no tratamento da doen\u00e7a.<\/p>\n<p>Em Juiz de Fora, o Reumatocenter atua no tratamento de doen\u00e7as reum\u00e1ticas, sendo pioneiro na infus\u00e3o de imunobiol\u00f3gicos e l\u00edder em pesquisa avan\u00e7ada no tratamento dessas doen\u00e7as.<\/p>\n","protected":false},"excerpt":{"rendered":"<p>Al\u00e9m da campanha \u201cFevereiro Laranja\u201d, que trata da Leucemia, o m\u00eas de fevereiro tamb\u00e9m \u00e9 dedicado \u00e0 conscientiza\u00e7\u00e3o sobre as doen\u00e7as L\u00fapus, Fibromialgia e Alzheimer. Tanto a Fibromialgia quanto o L\u00fapus n\u00e3o t\u00eam cura, mas ambas as doen\u00e7as t\u00eam tratamento. A Fibromialgia \u00e9 uma s\u00edndrome cr\u00f4nica que aumenta a sensibilidade \u00e0 dor atrav\u00e9s de nervos, [&hellip;]<\/p>\n","protected":false},"author":96,"featured_media":134565,"comment_status":"closed","ping_status":"closed","sticky":false,"template":"","format":"standard","meta":{"footnotes":""},"categories":[253,436,440,439],"tags":[],"class_list":["post-134560","post","type-post","status-publish","format-standard","has-post-thumbnail","hentry","category-cidade","category-destaque-da-semana","category-destaques-do-dia","category-ultima-hora"],"_links":{"self":[{"href":"https:\/\/diarioregionaldigital.com.br\/index.php?rest_route=\/wp\/v2\/posts\/134560","targetHints":{"allow":["GET"]}}],"collection":[{"href":"https:\/\/diarioregionaldigital.com.br\/index.php?rest_route=\/wp\/v2\/posts"}],"about":[{"href":"https:\/\/diarioregionaldigital.com.br\/index.php?rest_route=\/wp\/v2\/types\/post"}],"author":[{"embeddable":true,"href":"https:\/\/diarioregionaldigital.com.br\/index.php?rest_route=\/wp\/v2\/users\/96"}],"replies":[{"embeddable":true,"href":"https:\/\/diarioregionaldigital.com.br\/index.php?rest_route=%2Fwp%2Fv2%2Fcomments&post=134560"}],"version-history":[{"count":0,"href":"https:\/\/diarioregionaldigital.com.br\/index.php?rest_route=\/wp\/v2\/posts\/134560\/revisions"}],"wp:featuredmedia":[{"embeddable":true,"href":"https:\/\/diarioregionaldigital.com.br\/index.php?rest_route=\/wp\/v2\/media\/134565"}],"wp:attachment":[{"href":"https:\/\/diarioregionaldigital.com.br\/index.php?rest_route=%2Fwp%2Fv2%2Fmedia&parent=134560"}],"wp:term":[{"taxonomy":"category","embeddable":true,"href":"https:\/\/diarioregionaldigital.com.br\/index.php?rest_route=%2Fwp%2Fv2%2Fcategories&post=134560"},{"taxonomy":"post_tag","embeddable":true,"href":"https:\/\/diarioregionaldigital.com.br\/index.php?rest_route=%2Fwp%2Fv2%2Ftags&post=134560"}],"curies":[{"name":"wp","href":"https:\/\/api.w.org\/{rel}","templated":true}]}}