{"id":134525,"date":"2019-02-22T14:00:54","date_gmt":"2019-02-22T17:00:54","guid":{"rendered":"https:\/\/diarioregionaldigital.com.br\/?p=134525"},"modified":"2019-02-22T14:33:33","modified_gmt":"2019-02-22T17:33:33","slug":"periodo-de-pre-carnaval-agita-as-vendas-no-setor","status":"publish","type":"post","link":"https:\/\/diarioregionaldigital.com.br\/?p=134525","title":{"rendered":"Per\u00edodo de pr\u00e9-carnaval agita as vendas no setor"},"content":{"rendered":"<p>O per\u00edodo de pr\u00e9-carnaval vem agitando as vendas das lojas de artigos carnavalescos da cidade. Um per\u00edodo de muito otimismo para empres\u00e1rios deste seguimento, que esperam um aumento nas vendas de carnaval de 10% referente ao ano de 2018.<\/p>\n<p>J\u00e1 o presidente do Sindicom\u00e9rcio-JF, Emerson Beloti, tem uma expectativa mais conservadora, para ele, o aumento das vendas se comparado ao ano passado, ser\u00e1 de 5%. \u201cApesar da expectativa conservadora, temos que ter um par\u00e2metro de p\u00e9s no ch\u00e3o\u201d, comentou o presidente.<\/p>\n<p>A propriet\u00e1ria de um armarinho de artigos de carnaval, Claudia Moyses Franchini, intensificou seu estoque faz dois meses. Ela conta que a busca por esses artigos inicia tr\u00eas semanas antes do carnaval, \u201cnessa \u00e9poca temos um aumento de vendas, que inicia geralmente tr\u00eas semanas antes do carnaval, justamente por causa dos bloquinhos da cidade e regi\u00e3o\u201d.<\/p>\n<p>Claudia explica que nesta \u00e9poca existe uma grande procura por enfeites de cabelos, como arranjos e arcos com enfeites e plumas, para combinar com os abad\u00e1s. Mas que existe a procura por outras fantasias, como sainhas de tule, unic\u00f3rnio, e o kit de sereia, que acompanha um arco, a tran\u00e7a e uma saia com uma cauda.<\/p>\n<p>&nbsp;<\/p>\n<h4><strong>Hor\u00e1rio diferenciado<\/strong><\/h4>\n<p>O com\u00e9rcio funcionar\u00e1 em hor\u00e1rio normal durante este per\u00edodo de pr\u00e9-carnaval. Por\u00e9m, na segunda-feira, 4 de mar\u00e7o, que antecede o carnaval, o com\u00e9rcio poder\u00e1 funcionar das 8h at\u00e9 \u00e0s 14h, retornando suas atividades, na quarta-feira, 6 de mar\u00e7o, \u00e0s 12 horas.<\/p>\n<p>&nbsp;<\/p>\n","protected":false},"excerpt":{"rendered":"<p>O per\u00edodo de pr\u00e9-carnaval vem agitando as vendas das lojas de artigos carnavalescos da cidade. Um per\u00edodo de muito otimismo para empres\u00e1rios deste seguimento, que esperam um aumento nas vendas de carnaval de 10% referente ao ano de 2018. J\u00e1 o presidente do Sindicom\u00e9rcio-JF, Emerson Beloti, tem uma expectativa mais conservadora, para ele, o aumento [&hellip;]<\/p>\n","protected":false},"author":96,"featured_media":134530,"comment_status":"closed","ping_status":"closed","sticky":false,"template":"","format":"standard","meta":{"footnotes":""},"categories":[253,440,439],"tags":[],"class_list":["post-134525","post","type-post","status-publish","format-standard","has-post-thumbnail","hentry","category-cidade","category-destaques-do-dia","category-ultima-hora"],"_links":{"self":[{"href":"https:\/\/diarioregionaldigital.com.br\/index.php?rest_route=\/wp\/v2\/posts\/134525","targetHints":{"allow":["GET"]}}],"collection":[{"href":"https:\/\/diarioregionaldigital.com.br\/index.php?rest_route=\/wp\/v2\/posts"}],"about":[{"href":"https:\/\/diarioregionaldigital.com.br\/index.php?rest_route=\/wp\/v2\/types\/post"}],"author":[{"embeddable":true,"href":"https:\/\/diarioregionaldigital.com.br\/index.php?rest_route=\/wp\/v2\/users\/96"}],"replies":[{"embeddable":true,"href":"https:\/\/diarioregionaldigital.com.br\/index.php?rest_route=%2Fwp%2Fv2%2Fcomments&post=134525"}],"version-history":[{"count":0,"href":"https:\/\/diarioregionaldigital.com.br\/index.php?rest_route=\/wp\/v2\/posts\/134525\/revisions"}],"wp:featuredmedia":[{"embeddable":true,"href":"https:\/\/diarioregionaldigital.com.br\/index.php?rest_route=\/wp\/v2\/media\/134530"}],"wp:attachment":[{"href":"https:\/\/diarioregionaldigital.com.br\/index.php?rest_route=%2Fwp%2Fv2%2Fmedia&parent=134525"}],"wp:term":[{"taxonomy":"category","embeddable":true,"href":"https:\/\/diarioregionaldigital.com.br\/index.php?rest_route=%2Fwp%2Fv2%2Fcategories&post=134525"},{"taxonomy":"post_tag","embeddable":true,"href":"https:\/\/diarioregionaldigital.com.br\/index.php?rest_route=%2Fwp%2Fv2%2Ftags&post=134525"}],"curies":[{"name":"wp","href":"https:\/\/api.w.org\/{rel}","templated":true}]}}