{"id":134427,"date":"2019-02-20T23:32:11","date_gmt":"2019-02-21T02:32:11","guid":{"rendered":"https:\/\/diarioregionaldigital.com.br\/?p=134427"},"modified":"2019-02-20T23:32:11","modified_gmt":"2019-02-21T02:32:11","slug":"apos-susto-atletas-comemoram-permanencia-de-marta","status":"publish","type":"post","link":"https:\/\/diarioregionaldigital.com.br\/?p=134427","title":{"rendered":"Ap\u00f3s susto, atletas comemoram perman\u00eancia de Marta"},"content":{"rendered":"<p>Em sua \u00faltima semana de treinamento em Itu, no interior paulista, a Sele\u00e7\u00e3o Feminina levou um susto. \u00c0s v\u00e9speras de embarcam para os Estados Unidos para a disputa do Torneio She Believes, as brasileiras foram surpreendidas com uma publica\u00e7\u00e3o de Marta, que dava margem para especular uma suposta aposentadoria da craque. O post, no final, n\u00e3o passou de marketing, e, enquanto algumas atletas n\u00e3o se assutaram com a brincadeira, outras \u201cgelaram o cora\u00e7\u00e3o\u201d.<\/p>\n<p>\u201cP\u00f4, a gente est\u00e1 prestes a disputar Copa, ela vem com essa gra\u00e7a\u201d, brincou Camilinha, em entrevista ao\u00a0Olimp\u00edada Todo Dia. \u201cEla poderia ter me comunicado, porque deu um gelinho no cora\u00e7\u00e3o aqui.\u00a0A princ\u00edpio, achamos que poderia ser realmente algo com a fam\u00edlia dela, mas eu come\u00e7ei a olhar os coment\u00e1rios e tudo mais. Ela n\u00e3o me respondeu e ela sempre me responde, ai eu falei \u2018tem alguma coisa errada ai&#8217;\u201d.<\/p>\n<p>Tudo come\u00e7ou quando Marta publicou em seu Instagram uma foto com a\u00a0legenda: \u201cComunico a todos uma decis\u00e3o importante: este ano, vou me dedicar \u00e0 minha fam\u00edlia. Afinal, fam\u00edlia vem sempre em primeiro lugar. Obrigada pelo apoio de sempre\u201d. A postagem, claro, fez com que muita gente pensasse que a camisa 10 penduraria as chuteiras. Mas, ela anunciou que tudo fazia parte de uma campanha para promover uma s\u00e9rie do\u00a0Netflix.<\/p>\n<p>Ela estava aqui, treinando todo dia, na Granja tamb\u00e9m, treinando pra caramba e, de repente, vem com um dessa\u201d, recorda Camilinha. \u201cNingu\u00e9m estava entendendo mesmo, ela confundiu todo mundo, mas, tenho certeza que o foco dela est\u00e1 totalmente voltado ao Orlando e, principalmente, \u00e0 Copa do Mundo, para fazer um grande trabalho como ela vem fazendo\u201d.<\/p>\n<p>Bia foi mais uma que se assustou com a publica\u00e7\u00e3o de Marta, feita no momento do treinamento. \u201cTodo mundo ficou sem saber. Come\u00e7aram a chegar mensagens no celular\u201d, recorda. \u201cChegamos at\u00e9 a pensar que tinha acontecido algo com a fam\u00edlia, mas gra\u00e7as a Deus n\u00e3o foi nada demais. Foi uma jogada de marketing e agora est\u00e1 tudo tranquilo e resolvido \u201c.<\/p>\n<p>M\u00f4nica, do outro lado, afirmou que desconfiou da veracidade da publica\u00e7\u00e3o. \u201cEm momento algum me senti assustada. Eu sabia que tinha alguma coisa por tr\u00e1s, esse n\u00e3o seria o momento que ela ia nos deixar\u201d, destacou a atleta. \u201cCada um tem suas situa\u00e7\u00f5es pessoais e a gente tem que entender e, o que tiver que ser, a gente est\u00e1 junto. \u00c9 a nossa rainha, independente\u201d.<\/p>\n<p><strong>Fonte: Gazeta Press<\/strong><\/p>\n<p>&nbsp;<\/p>\n","protected":false},"excerpt":{"rendered":"<p>Em sua \u00faltima semana de treinamento em Itu, no interior paulista, a Sele\u00e7\u00e3o Feminina levou um susto. \u00c0s v\u00e9speras de embarcam para os Estados Unidos para a disputa do Torneio She Believes, as brasileiras foram surpreendidas com uma publica\u00e7\u00e3o de Marta, que dava margem para especular uma suposta aposentadoria da craque. O post, no final, [&hellip;]<\/p>\n","protected":false},"author":96,"featured_media":134428,"comment_status":"closed","ping_status":"closed","sticky":false,"template":"","format":"standard","meta":{"footnotes":""},"categories":[257],"tags":[],"class_list":["post-134427","post","type-post","status-publish","format-standard","has-post-thumbnail","hentry","category-esporte"],"_links":{"self":[{"href":"https:\/\/diarioregionaldigital.com.br\/index.php?rest_route=\/wp\/v2\/posts\/134427","targetHints":{"allow":["GET"]}}],"collection":[{"href":"https:\/\/diarioregionaldigital.com.br\/index.php?rest_route=\/wp\/v2\/posts"}],"about":[{"href":"https:\/\/diarioregionaldigital.com.br\/index.php?rest_route=\/wp\/v2\/types\/post"}],"author":[{"embeddable":true,"href":"https:\/\/diarioregionaldigital.com.br\/index.php?rest_route=\/wp\/v2\/users\/96"}],"replies":[{"embeddable":true,"href":"https:\/\/diarioregionaldigital.com.br\/index.php?rest_route=%2Fwp%2Fv2%2Fcomments&post=134427"}],"version-history":[{"count":0,"href":"https:\/\/diarioregionaldigital.com.br\/index.php?rest_route=\/wp\/v2\/posts\/134427\/revisions"}],"wp:featuredmedia":[{"embeddable":true,"href":"https:\/\/diarioregionaldigital.com.br\/index.php?rest_route=\/wp\/v2\/media\/134428"}],"wp:attachment":[{"href":"https:\/\/diarioregionaldigital.com.br\/index.php?rest_route=%2Fwp%2Fv2%2Fmedia&parent=134427"}],"wp:term":[{"taxonomy":"category","embeddable":true,"href":"https:\/\/diarioregionaldigital.com.br\/index.php?rest_route=%2Fwp%2Fv2%2Fcategories&post=134427"},{"taxonomy":"post_tag","embeddable":true,"href":"https:\/\/diarioregionaldigital.com.br\/index.php?rest_route=%2Fwp%2Fv2%2Ftags&post=134427"}],"curies":[{"name":"wp","href":"https:\/\/api.w.org\/{rel}","templated":true}]}}