{"id":134424,"date":"2019-02-20T23:30:43","date_gmt":"2019-02-21T02:30:43","guid":{"rendered":"https:\/\/diarioregionaldigital.com.br\/?p=134424"},"modified":"2019-02-20T23:30:43","modified_gmt":"2019-02-21T02:30:43","slug":"3a-corrida-do-laboratorio-cortes-villela-abre-33o-ranking-de-corridas-de-rua","status":"publish","type":"post","link":"https:\/\/diarioregionaldigital.com.br\/?p=134424","title":{"rendered":"&#8220;3\u00aa Corrida do Laborat\u00f3rio C\u00f4rtes Villela&#8221; abre \u201c33\u00ba Ranking de Corridas de Rua\u201d"},"content":{"rendered":"<p>No domingo, 24, \u00e0s 8 horas, come\u00e7ar\u00e1 o &#8220;Ranking Prefeitura de Juiz de Fora (PJF) de Corridas de Rua&#8221;. Cerca de 1.200 corredores participar\u00e3o da \u201c3\u00aa Corrida do Laborat\u00f3rio C\u00f4rtes Villela\u201d, a primeira etapa de 2019 da competi\u00e7\u00e3o, que acontecer\u00e1 na Via S\u00e3o Pedro \u2013 BR 440 \u2013 pr\u00f3ximo ao antigo German. O percurso ser\u00e1 de 5km para caminhada e dez de corrida. A disputa infantil, com cem inscritos, ser\u00e1 no mesmo local e data, com largada \u00e0s 9h30.<\/p>\n<p>A distribui\u00e7\u00e3o de kits acontecer\u00e1 s\u00e1bado, 23, das 10 \u00e0s 17 horas, na Avenida Rio Branco, 2.891, no Laborat\u00f3rio C\u00f4rtes Villela (em frente ao Emp\u00f3rio Bahamas). A entrega dos chips ser\u00e1 realizada no local da prova, das 6h30 \u00e0s 7h45.<\/p>\n<p>O \u201cRanking de Corridas de Rua de Juiz de Fora\u201d \u00e9 competi\u00e7\u00e3o anual, que contempla corredores de toda a cidade e regi\u00e3o. O campeonato \u00e9 parceria entre a PJF e a iniciativa privada, sendo que as empresas vencedoras do processo de chamada p\u00fablica t\u00eam a oportunidade de organizar corridas com o apoio da Secretaria de Esporte e Lazer (SEL), atrav\u00e9s do Departamento de Inicia\u00e7\u00e3o, Forma\u00e7\u00e3o e Rendimento Esportivo.<\/p>\n<p>Fonte: Assessoria\/SEL<\/p>\n","protected":false},"excerpt":{"rendered":"<p>No domingo, 24, \u00e0s 8 horas, come\u00e7ar\u00e1 o &#8220;Ranking Prefeitura de Juiz de Fora (PJF) de Corridas de Rua&#8221;. Cerca de 1.200 corredores participar\u00e3o da \u201c3\u00aa Corrida do Laborat\u00f3rio C\u00f4rtes Villela\u201d, a primeira etapa de 2019 da competi\u00e7\u00e3o, que acontecer\u00e1 na Via S\u00e3o Pedro \u2013 BR 440 \u2013 pr\u00f3ximo ao antigo German. O percurso ser\u00e1 [&hellip;]<\/p>\n","protected":false},"author":96,"featured_media":134425,"comment_status":"closed","ping_status":"closed","sticky":false,"template":"","format":"standard","meta":{"footnotes":""},"categories":[257,439],"tags":[],"class_list":["post-134424","post","type-post","status-publish","format-standard","has-post-thumbnail","hentry","category-esporte","category-ultima-hora"],"_links":{"self":[{"href":"https:\/\/diarioregionaldigital.com.br\/index.php?rest_route=\/wp\/v2\/posts\/134424","targetHints":{"allow":["GET"]}}],"collection":[{"href":"https:\/\/diarioregionaldigital.com.br\/index.php?rest_route=\/wp\/v2\/posts"}],"about":[{"href":"https:\/\/diarioregionaldigital.com.br\/index.php?rest_route=\/wp\/v2\/types\/post"}],"author":[{"embeddable":true,"href":"https:\/\/diarioregionaldigital.com.br\/index.php?rest_route=\/wp\/v2\/users\/96"}],"replies":[{"embeddable":true,"href":"https:\/\/diarioregionaldigital.com.br\/index.php?rest_route=%2Fwp%2Fv2%2Fcomments&post=134424"}],"version-history":[{"count":0,"href":"https:\/\/diarioregionaldigital.com.br\/index.php?rest_route=\/wp\/v2\/posts\/134424\/revisions"}],"wp:featuredmedia":[{"embeddable":true,"href":"https:\/\/diarioregionaldigital.com.br\/index.php?rest_route=\/wp\/v2\/media\/134425"}],"wp:attachment":[{"href":"https:\/\/diarioregionaldigital.com.br\/index.php?rest_route=%2Fwp%2Fv2%2Fmedia&parent=134424"}],"wp:term":[{"taxonomy":"category","embeddable":true,"href":"https:\/\/diarioregionaldigital.com.br\/index.php?rest_route=%2Fwp%2Fv2%2Fcategories&post=134424"},{"taxonomy":"post_tag","embeddable":true,"href":"https:\/\/diarioregionaldigital.com.br\/index.php?rest_route=%2Fwp%2Fv2%2Ftags&post=134424"}],"curies":[{"name":"wp","href":"https:\/\/api.w.org\/{rel}","templated":true}]}}