{"id":134418,"date":"2019-02-21T06:00:50","date_gmt":"2019-02-21T09:00:50","guid":{"rendered":"https:\/\/diarioregionaldigital.com.br\/?p=134418"},"modified":"2019-02-20T20:42:36","modified_gmt":"2019-02-20T23:42:36","slug":"convocacao-de-assembleia-geral-ordinaria-21-02-19","status":"publish","type":"post","link":"https:\/\/diarioregionaldigital.com.br\/?p=134418","title":{"rendered":"Convoca\u00e7\u00e3o de Assembl\u00e9ia  Geral Ordin\u00e1ria &#8211; 21\/02\/19"},"content":{"rendered":"<p style=\"text-align: left;\"><strong>EDITAL &#8211; 001\/19 <\/strong><br \/>\n<strong>CONVOCA\u00c7\u00c3O DE ASSEMBL\u00c9IA GERAL ORDIN\u00c1RIA<\/strong><\/p>\n<p><strong>COOPERATIVA MISTA DE CONSUMO E SERVI\u00c7OS DOS TRABALHADORES NO RAMO FINANCEIRO DE JUIZ DE FORA &#8211; COCSERV<\/strong><br \/>\nCNPJ: 25.382.740\/0001-60 # NIRE: 31400056785<br \/>\nEndere\u00e7o: Rua Bernardo Mascarenhas, 945 &#8211; Andar 1 Sala 01 &#8211; F\u00e1brica &#8211; Juiz de Fora\/MG<br \/>\nA Presidente, segundo autoriza a Legisla\u00e7\u00e3o e o Estatuto Social da Cooperativa Mista de Consumo e Servi\u00e7os dos Trabalhadores no Ramo Financeiro de Juiz de Fora &#8211; COCSERV, CNPJ: 25.382.740\/0001-60, no uso das atribui\u00e7\u00f5es conferidas pelo Estatuto Social, convoca os senhores cooperados em condi\u00e7\u00f5es de votar, para se reunirem em Assembleia Geral Ordin\u00e1ria, que se realizar\u00e1 em sua sede social \u00e0 Rua Bernardo Mascarenhas, 945 &#8211; Andar 1 Sala 01, no dia 08 de mar\u00e7o de 2019, em primeira convoca\u00e7\u00e3o, \u00e0s 18 horas, com a presen\u00e7a de 2\/3 (dois ter\u00e7os) dos cooperados; em segunda convoca\u00e7\u00e3o \u00e0s 19 horas, no mesmo dia e local, com a presen\u00e7a de metade mais um do n\u00famero total de cooperados, e persistindo a falta de qu\u00f3rum legal, em terceira e \u00faltima convoca\u00e7\u00e3o, \u00e0s 20 horas, com a presen\u00e7a m\u00ednima de 10 (dez) cooperados, a fim de deliberarem sobre a seguinte ORDEM DO DIA:<br \/>\nI &#8211; Presta\u00e7\u00e3o de Contas do Exerc\u00edcio de 2018 compreendendo:<br \/>\na) Balan\u00e7o Patrimonial;<br \/>\nb)Demonstra\u00e7\u00e3o de Sobras ou Perdas e demais Demonstra\u00e7\u00f5es;<br \/>\nc) Parecer do Conselho Fiscal.<br \/>\nII &#8211; Destina\u00e7\u00e3o do Resultado.<br \/>\nIII &#8211; Elei\u00e7\u00e3o dos Componentes da Diretoria.<br \/>\nIV &#8211; Elei\u00e7\u00e3o do Conselho Fiscal.<br \/>\nV &#8211; Plano de Trabalho para o ano de 2019.<br \/>\nVI &#8211; Outros Assuntos de Interesse Social.<br \/>\nNOTA: Para efeito de qu\u00f3rum, declare-se que o n\u00famero de associados \u00e9 de 34 (trinta e quatro) cooperados.<br \/>\nO prazo para registro de chapas dever\u00e1 ocorrer at\u00e9 o dia 6 (seis) de mar\u00e7o de 2019 no hor\u00e1rio das 13h30 \u00e0s 16h30.<\/p>\n<p style=\"text-align: left;\"><strong>Juiz de Fora\/MG, 18 de fevereiro de 2019. <\/strong><br \/>\n<strong>Presidente: Michelle Lima Santamgelo <\/strong><br \/>\n<strong>CPF: 014.273.416-05 <\/strong><br \/>\n<strong>N\u00famero de matr\u00edcula na cooperativa: C16040003 <\/strong><br \/>\n<strong>Michelle Lima Santamgelo &#8211; Presidente<\/strong><\/p>\n","protected":false},"excerpt":{"rendered":"<p>EDITAL &#8211; 001\/19 CONVOCA\u00c7\u00c3O DE ASSEMBL\u00c9IA GERAL ORDIN\u00c1RIA COOPERATIVA MISTA DE CONSUMO E SERVI\u00c7OS DOS TRABALHADORES NO RAMO FINANCEIRO DE JUIZ DE FORA &#8211; COCSERV CNPJ: 25.382.740\/0001-60 # NIRE: 31400056785 Endere\u00e7o: Rua Bernardo Mascarenhas, 945 &#8211; Andar 1 Sala 01 &#8211; F\u00e1brica &#8211; Juiz de Fora\/MG A Presidente, segundo autoriza a Legisla\u00e7\u00e3o e o Estatuto [&hellip;]<\/p>\n","protected":false},"author":96,"featured_media":0,"comment_status":"closed","ping_status":"closed","sticky":false,"template":"","format":"standard","meta":{"footnotes":""},"categories":[307],"tags":[],"class_list":["post-134418","post","type-post","status-publish","format-standard","hentry","category-editais"],"_links":{"self":[{"href":"https:\/\/diarioregionaldigital.com.br\/index.php?rest_route=\/wp\/v2\/posts\/134418","targetHints":{"allow":["GET"]}}],"collection":[{"href":"https:\/\/diarioregionaldigital.com.br\/index.php?rest_route=\/wp\/v2\/posts"}],"about":[{"href":"https:\/\/diarioregionaldigital.com.br\/index.php?rest_route=\/wp\/v2\/types\/post"}],"author":[{"embeddable":true,"href":"https:\/\/diarioregionaldigital.com.br\/index.php?rest_route=\/wp\/v2\/users\/96"}],"replies":[{"embeddable":true,"href":"https:\/\/diarioregionaldigital.com.br\/index.php?rest_route=%2Fwp%2Fv2%2Fcomments&post=134418"}],"version-history":[{"count":0,"href":"https:\/\/diarioregionaldigital.com.br\/index.php?rest_route=\/wp\/v2\/posts\/134418\/revisions"}],"wp:attachment":[{"href":"https:\/\/diarioregionaldigital.com.br\/index.php?rest_route=%2Fwp%2Fv2%2Fmedia&parent=134418"}],"wp:term":[{"taxonomy":"category","embeddable":true,"href":"https:\/\/diarioregionaldigital.com.br\/index.php?rest_route=%2Fwp%2Fv2%2Fcategories&post=134418"},{"taxonomy":"post_tag","embeddable":true,"href":"https:\/\/diarioregionaldigital.com.br\/index.php?rest_route=%2Fwp%2Fv2%2Ftags&post=134418"}],"curies":[{"name":"wp","href":"https:\/\/api.w.org\/{rel}","templated":true}]}}