{"id":134413,"date":"2019-02-21T06:00:56","date_gmt":"2019-02-21T09:00:56","guid":{"rendered":"https:\/\/diarioregionaldigital.com.br\/?p=134413"},"modified":"2019-02-20T20:37:41","modified_gmt":"2019-02-20T23:37:41","slug":"prefeitura-municipal-de-descoberto-extrato-de-contrato-21-02-19","status":"publish","type":"post","link":"https:\/\/diarioregionaldigital.com.br\/?p=134413","title":{"rendered":"Prefeitura Municipal de Descoberto &#8211; Extrato de Contrato &#8211; 21\/02\/19"},"content":{"rendered":"<p style=\"text-align: center;\"><strong>EXTRATO DE CONTRATO<\/strong><\/p>\n<p style=\"text-align: center;\">Pref. Municipal de Descoberto x Helio Correia de Oliveira Junior Eirelli \u2013 Objeto: Contrata\u00e7\u00e3o de shows art\u00edsticos das Bandas \u201cFabr\u00edcio &amp; Gabriel\u201d, Banda \u201cRelux\u201d e Banda \u201cSwing Louco\u201d\u00a0 para o Carnaval 2019\u2013 Fundamento: Inexigibilidade n\u00ba 002\/2019\u00a0 &#8211;\u00a0 Valor Global: 36.000,00 &#8211; Vig\u00eancia: 01 m\u00eas &#8211;\u00a0 Dot or\u00e7: 02.04005.13.392.0015.279-339039\/100 \u00a0\u00a0&#8211; Ass: 18\/02\/2019 &#8211; Foro: S\u00e3o Jo\u00e3o Nepomuceno\/MG.<\/p>\n<p style=\"text-align: center;\"><strong>Marcos de Ara\u00fajo Lima<\/strong><\/p>\n<p style=\"text-align: center;\"><strong>Prefeito Municipal<\/strong><\/p>\n","protected":false},"excerpt":{"rendered":"<p>EXTRATO DE CONTRATO Pref. Municipal de Descoberto x Helio Correia de Oliveira Junior Eirelli \u2013 Objeto: Contrata\u00e7\u00e3o de shows art\u00edsticos das Bandas \u201cFabr\u00edcio &amp; Gabriel\u201d, Banda \u201cRelux\u201d e Banda \u201cSwing Louco\u201d\u00a0 para o Carnaval 2019\u2013 Fundamento: Inexigibilidade n\u00ba 002\/2019\u00a0 &#8211;\u00a0 Valor Global: 36.000,00 &#8211; Vig\u00eancia: 01 m\u00eas &#8211;\u00a0 Dot or\u00e7: 02.04005.13.392.0015.279-339039\/100 \u00a0\u00a0&#8211; Ass: 18\/02\/2019 &#8211; [&hellip;]<\/p>\n","protected":false},"author":96,"featured_media":0,"comment_status":"closed","ping_status":"closed","sticky":false,"template":"","format":"standard","meta":{"footnotes":""},"categories":[307],"tags":[],"class_list":["post-134413","post","type-post","status-publish","format-standard","hentry","category-editais"],"_links":{"self":[{"href":"https:\/\/diarioregionaldigital.com.br\/index.php?rest_route=\/wp\/v2\/posts\/134413","targetHints":{"allow":["GET"]}}],"collection":[{"href":"https:\/\/diarioregionaldigital.com.br\/index.php?rest_route=\/wp\/v2\/posts"}],"about":[{"href":"https:\/\/diarioregionaldigital.com.br\/index.php?rest_route=\/wp\/v2\/types\/post"}],"author":[{"embeddable":true,"href":"https:\/\/diarioregionaldigital.com.br\/index.php?rest_route=\/wp\/v2\/users\/96"}],"replies":[{"embeddable":true,"href":"https:\/\/diarioregionaldigital.com.br\/index.php?rest_route=%2Fwp%2Fv2%2Fcomments&post=134413"}],"version-history":[{"count":0,"href":"https:\/\/diarioregionaldigital.com.br\/index.php?rest_route=\/wp\/v2\/posts\/134413\/revisions"}],"wp:attachment":[{"href":"https:\/\/diarioregionaldigital.com.br\/index.php?rest_route=%2Fwp%2Fv2%2Fmedia&parent=134413"}],"wp:term":[{"taxonomy":"category","embeddable":true,"href":"https:\/\/diarioregionaldigital.com.br\/index.php?rest_route=%2Fwp%2Fv2%2Fcategories&post=134413"},{"taxonomy":"post_tag","embeddable":true,"href":"https:\/\/diarioregionaldigital.com.br\/index.php?rest_route=%2Fwp%2Fv2%2Ftags&post=134413"}],"curies":[{"name":"wp","href":"https:\/\/api.w.org\/{rel}","templated":true}]}}