{"id":134404,"date":"2019-02-21T06:00:42","date_gmt":"2019-02-21T09:00:42","guid":{"rendered":"https:\/\/diarioregionaldigital.com.br\/?p=134404"},"modified":"2019-02-20T20:15:00","modified_gmt":"2019-02-20T23:15:00","slug":"entrelinhas-2","status":"publish","type":"post","link":"https:\/\/diarioregionaldigital.com.br\/?p=134404","title":{"rendered":"Entrelinhas"},"content":{"rendered":"<p style=\"text-align: center;\"><strong>Nequitz<\/strong><\/p>\n<p style=\"text-align: center;\">Eterna rainha das artes pl\u00e1sticas, Nequitz Miguel est\u00e1 ganhando o mundo. Ela est\u00e1 entre os selecionados para a exposi\u00e7\u00e3o que ser\u00e1 realizada na Galeria Chelsea em Londres representados por renomados artistas brasileiros que t\u00eam cole\u00e7\u00f5es em todo o universo. A curadoria ser\u00e1 do presidente da Cia. Arte e Cultura, Paco de Assis. Aplausos.<\/p>\n<p style=\"text-align: center;\"><strong>Liberdade<\/strong><\/p>\n<p style=\"text-align: center;\">Com forte discurso em defesa dos direitos dos homossexuais, o ministro Celso de Mello do Supremo Tribunal Federal (STF) come\u00e7ou a votar as a\u00e7\u00f5es que pedem a criminaliza\u00e7\u00e3o da homofobia e da transfobia. Para ele a concep\u00e7\u00e3o de mundo por tr\u00e1s de frases recentes imp\u00f5e inaceit\u00e1vel restri\u00e7\u00e3o \u00e0s liberdades da comunidade LGBT. O julgamento dever\u00e1 ser retomado hoje.<\/p>\n<p style=\"text-align: center;\"><strong>Marca Elegante<\/strong><\/p>\n<p style=\"text-align: center;\">Com mais de 50 anos de tradi\u00e7\u00e3o a Elle Et Lui agora se chama Club Elle Et Lui, investindo num novo formato de loja \u2013 tr\u00eas foram abertas no fim do ano passado \u2013 e na comunica\u00e7\u00e3o on-line feita sob medida para o homem cosmopolita. A mudan\u00e7a n\u00e3o atinge os cl\u00e1ssicos da grife como as camisas polos.<\/p>\n<p style=\"text-align: center;\"><strong>Olha S\u00f3<\/strong><\/p>\n<p style=\"text-align: center;\">O Tupynamb\u00e1s e o Futebol da UFJF selaram parceria e os times sub-15 e sub-17 disputar\u00e3o o Campeonato Mineiro com a camisa do Baeta. Os treinos da Federal j\u00e1 foram iniciados com direito a seletiva marcada pela expressiva participa\u00e7\u00e3o de 250 jovens. O Congresso T\u00e9cnico do Mineiro de base ocorre esta semana, com in\u00edcio dos jogos previstos para abril.<\/p>\n<p style=\"text-align: center;\"><strong>Raridade<\/strong><\/p>\n<p style=\"text-align: center;\">A joalheria Monte Carlo lan\u00e7ou a cole\u00e7\u00e3o Brisa e j\u00e1 enfeita bra\u00e7os, orelhas, dedos e pesco\u00e7os de mulheres finas de Juiz de Fora. As pe\u00e7as em an\u00e9is, piercings, brincos e gargantilhas em ouro ros\u00e9 e diamantes provocam efeito impactante. Com formato geom\u00e9trico, o losango se destaca como o queridinho da vez. Para usar e abusar.<\/p>\n<p style=\"text-align: center;\"><strong>Entrelinhas<\/strong><\/p>\n<p style=\"text-align: center;\">A talentosa jornalista Jacyra Sant\u2019Ana est\u00e1 nas nuvens. Ela lan\u00e7ou no Espa\u00e7o Excalibur o seu livro \u201cA Saga do Sete\u201d. A trama pretende envolver o leitor na saga de um homem desesperado, que percorre diferentes caminhos em busca de cura. A autora \u00e9 formada pela UFJF, fez carreira no Rio e h\u00e1 dez anos retornou a Juiz de Fora.<\/p>\n<div id=\"attachment_134391\" style=\"width: 690px\" class=\"wp-caption aligncenter\"><img loading=\"lazy\" decoding=\"async\" aria-describedby=\"caption-attachment-134391\" class=\"wp-image-134391\" src=\"https:\/\/diarioregionaldigital.com.br\/wp-content\/uploads\/2019\/02\/fotoaa-e1550704015590.png\" alt=\"\" width=\"680\" height=\"591\" srcset=\"https:\/\/diarioregionaldigital.com.br\/wp-content\/uploads\/2019\/02\/fotoaa-e1550704015590.png 414w, https:\/\/diarioregionaldigital.com.br\/wp-content\/uploads\/2019\/02\/fotoaa-e1550704015590-300x261.png 300w, https:\/\/diarioregionaldigital.com.br\/wp-content\/uploads\/2019\/02\/fotoaa-e1550704015590-360x313.png 360w\" sizes=\"auto, (max-width: 680px) 100vw, 680px\" \/><p id=\"caption-attachment-134391\" class=\"wp-caption-text\">A bel\u00edssima J\u00falia Horta eleita Miss Minas Gerais Emotion 2019, em seu desfile arrebatador<\/p><\/div>\n<div id=\"attachment_134390\" style=\"width: 690px\" class=\"wp-caption aligncenter\"><img loading=\"lazy\" decoding=\"async\" aria-describedby=\"caption-attachment-134390\" class=\"wp-image-134390\" src=\"https:\/\/diarioregionaldigital.com.br\/wp-content\/uploads\/2019\/02\/fotoa-11-e1550704044703.jpg\" alt=\"\" width=\"680\" height=\"614\" srcset=\"https:\/\/diarioregionaldigital.com.br\/wp-content\/uploads\/2019\/02\/fotoa-11-e1550704044703.jpg 1170w, https:\/\/diarioregionaldigital.com.br\/wp-content\/uploads\/2019\/02\/fotoa-11-e1550704044703-300x271.jpg 300w, https:\/\/diarioregionaldigital.com.br\/wp-content\/uploads\/2019\/02\/fotoa-11-e1550704044703-768x693.jpg 768w, https:\/\/diarioregionaldigital.com.br\/wp-content\/uploads\/2019\/02\/fotoa-11-e1550704044703-1024x924.jpg 1024w, https:\/\/diarioregionaldigital.com.br\/wp-content\/uploads\/2019\/02\/fotoa-11-e1550704044703-360x325.jpg 360w\" sizes=\"auto, (max-width: 680px) 100vw, 680px\" \/><p id=\"caption-attachment-134390\" class=\"wp-caption-text\">Um close especial em Thiago Guimar\u00e3es exibindo look para Camisaria Don<\/p><\/div>\n<div id=\"attachment_134392\" style=\"width: 690px\" class=\"wp-caption aligncenter\"><img loading=\"lazy\" decoding=\"async\" aria-describedby=\"caption-attachment-134392\" class=\"wp-image-134392\" src=\"https:\/\/diarioregionaldigital.com.br\/wp-content\/uploads\/2019\/02\/fotobb-3-e1550704064388.jpg\" alt=\"\" width=\"680\" height=\"542\" srcset=\"https:\/\/diarioregionaldigital.com.br\/wp-content\/uploads\/2019\/02\/fotobb-3-e1550704064388.jpg 768w, https:\/\/diarioregionaldigital.com.br\/wp-content\/uploads\/2019\/02\/fotobb-3-e1550704064388-300x239.jpg 300w, https:\/\/diarioregionaldigital.com.br\/wp-content\/uploads\/2019\/02\/fotobb-3-e1550704064388-360x287.jpg 360w\" sizes=\"auto, (max-width: 680px) 100vw, 680px\" \/><p id=\"caption-attachment-134392\" class=\"wp-caption-text\">O bonit\u00e3o Douglas C\u00e2ndido representar\u00e1 Petr\u00f3polis (RJ) no Mister Brasil Tur 2019<\/p><\/div>\n<div id=\"attachment_134393\" style=\"width: 690px\" class=\"wp-caption aligncenter\"><img loading=\"lazy\" decoding=\"async\" aria-describedby=\"caption-attachment-134393\" class=\"wp-image-134393\" src=\"https:\/\/diarioregionaldigital.com.br\/wp-content\/uploads\/2019\/02\/fotoe-10-e1550704089336.jpg\" alt=\"\" width=\"680\" height=\"510\" srcset=\"https:\/\/diarioregionaldigital.com.br\/wp-content\/uploads\/2019\/02\/fotoe-10-e1550704089336.jpg 1170w, https:\/\/diarioregionaldigital.com.br\/wp-content\/uploads\/2019\/02\/fotoe-10-e1550704089336-300x225.jpg 300w, https:\/\/diarioregionaldigital.com.br\/wp-content\/uploads\/2019\/02\/fotoe-10-e1550704089336-768x576.jpg 768w, https:\/\/diarioregionaldigital.com.br\/wp-content\/uploads\/2019\/02\/fotoe-10-e1550704089336-1024x768.jpg 1024w, https:\/\/diarioregionaldigital.com.br\/wp-content\/uploads\/2019\/02\/fotoe-10-e1550704089336-360x270.jpg 360w\" sizes=\"auto, (max-width: 680px) 100vw, 680px\" \/><p id=\"caption-attachment-134393\" class=\"wp-caption-text\">O coiffeur Lucas Lopes forte candidato ao Trof\u00e9u Celebridades na festa Euphorika<\/p><\/div>\n<div id=\"attachment_134394\" style=\"width: 690px\" class=\"wp-caption aligncenter\"><img loading=\"lazy\" decoding=\"async\" aria-describedby=\"caption-attachment-134394\" class=\"wp-image-134394\" src=\"https:\/\/diarioregionaldigital.com.br\/wp-content\/uploads\/2019\/02\/fotog-10-e1550704127291.jpg\" alt=\"\" width=\"680\" height=\"582\" srcset=\"https:\/\/diarioregionaldigital.com.br\/wp-content\/uploads\/2019\/02\/fotog-10-e1550704127291.jpg 1159w, https:\/\/diarioregionaldigital.com.br\/wp-content\/uploads\/2019\/02\/fotog-10-e1550704127291-300x257.jpg 300w, https:\/\/diarioregionaldigital.com.br\/wp-content\/uploads\/2019\/02\/fotog-10-e1550704127291-768x657.jpg 768w, https:\/\/diarioregionaldigital.com.br\/wp-content\/uploads\/2019\/02\/fotog-10-e1550704127291-1024x876.jpg 1024w, https:\/\/diarioregionaldigital.com.br\/wp-content\/uploads\/2019\/02\/fotog-10-e1550704127291-360x308.jpg 360w\" sizes=\"auto, (max-width: 680px) 100vw, 680px\" \/><p id=\"caption-attachment-134394\" class=\"wp-caption-text\">Lindos no Bloco Nega Maria no Trade Hotel, Erika Salazar e Gustavo Anthony<\/p><\/div>\n<div id=\"attachment_134396\" style=\"width: 690px\" class=\"wp-caption aligncenter\"><img loading=\"lazy\" decoding=\"async\" aria-describedby=\"caption-attachment-134396\" class=\"wp-image-134396\" src=\"https:\/\/diarioregionaldigital.com.br\/wp-content\/uploads\/2019\/02\/fotoj-8.jpg\" alt=\"\" width=\"680\" height=\"455\" srcset=\"https:\/\/diarioregionaldigital.com.br\/wp-content\/uploads\/2019\/02\/fotoj-8.jpg 1758w, https:\/\/diarioregionaldigital.com.br\/wp-content\/uploads\/2019\/02\/fotoj-8-300x201.jpg 300w, https:\/\/diarioregionaldigital.com.br\/wp-content\/uploads\/2019\/02\/fotoj-8-768x514.jpg 768w, https:\/\/diarioregionaldigital.com.br\/wp-content\/uploads\/2019\/02\/fotoj-8-1024x685.jpg 1024w, https:\/\/diarioregionaldigital.com.br\/wp-content\/uploads\/2019\/02\/fotoj-8-360x241.jpg 360w\" sizes=\"auto, (max-width: 680px) 100vw, 680px\" \/><p id=\"caption-attachment-134396\" class=\"wp-caption-text\">Na MultSa\u00fade Valen\u00e7a (RJ), os franqueados de Benfica (JF), Pablo Oliveira, Fernando Cerqueira Nery e Pedro Val\u00e9rio ladeando D\u00e9bora Mattos<\/p><\/div>\n<div id=\"attachment_134395\" style=\"width: 690px\" class=\"wp-caption aligncenter\"><img loading=\"lazy\" decoding=\"async\" aria-describedby=\"caption-attachment-134395\" class=\"wp-image-134395\" src=\"https:\/\/diarioregionaldigital.com.br\/wp-content\/uploads\/2019\/02\/fotoi-8-e1550704155527.jpg\" alt=\"\" width=\"680\" height=\"521\" srcset=\"https:\/\/diarioregionaldigital.com.br\/wp-content\/uploads\/2019\/02\/fotoi-8-e1550704155527.jpg 1516w, https:\/\/diarioregionaldigital.com.br\/wp-content\/uploads\/2019\/02\/fotoi-8-e1550704155527-300x230.jpg 300w, https:\/\/diarioregionaldigital.com.br\/wp-content\/uploads\/2019\/02\/fotoi-8-e1550704155527-768x589.jpg 768w, https:\/\/diarioregionaldigital.com.br\/wp-content\/uploads\/2019\/02\/fotoi-8-e1550704155527-1024x785.jpg 1024w, https:\/\/diarioregionaldigital.com.br\/wp-content\/uploads\/2019\/02\/fotoi-8-e1550704155527-360x276.jpg 360w\" sizes=\"auto, (max-width: 680px) 100vw, 680px\" \/><p id=\"caption-attachment-134395\" class=\"wp-caption-text\">Em sua formatura em Direito pela UFJF no Cine-Theatro Central, Thiago Eberle Santos posou com os pais Edna Eberle Santos e Marcelo Brimana Santos e o irm\u00e3o Marcelo Eberle Santos<\/p><\/div>\n<p style=\"text-align: center;\"><strong>FOTOSS\u00cdNTESE<\/strong><\/p>\n<p>Mobiliza\u00e7\u00e3o total no Clube Cascatinha para a elei\u00e7\u00e3o do novo presidente. Pela chapa Avante CCC vai disputar o din\u00e2mico Mauricio de Oliveira.<\/p>\n<p>Em ritmo de solidariedade, o Centro Esp\u00edrita Ivon Costa, respons\u00e1vel pela Casa S\u00e3o Camilo de L\u00e9lis, promove, dia 24, festival de tortas doces e salgadas na Casa Fest.<\/p>\n<p>O Gastrobar de Minas foi cen\u00e1rio da 2\u00aa edi\u00e7\u00e3o realizada no MultiSpa\u00e7o. Os cozinheiros Vitor Costa e Klaus Torres prepararam uma deliciosa Costelinha Rom\u00e9o ET Juliette.<\/p>\n<p>Assumindo com sua compet\u00eancia a secretaria do Rotary Sul, o supervisor da Guarda-Mirim, Wilmar Ramos.<\/p>\n<p>O m\u00e9dico Carlos Eduardo Pereira da Silva foi indicado pelo governador de Minas Romeu Zema para Secretaria de Estado de Sa\u00fade. Ele \u00e9 professor da UFJF possuindo curr\u00edculo exemplar.<\/p>\n<p>Enquanto Juiz de Fora o carnaval est\u00e1 em baixa, as cidades de Ouro Preto e Tiradentes (MG) resgatam o carnaval de \u00e9poca com atra\u00e7\u00f5es que v\u00e3o de baile de m\u00e1scaras a desfile de blocos antigos por largos, pra\u00e7as e ruas de pedra.<\/p>\n<p>Aten\u00e7\u00e3o: idosos que sofrem maus-tratos devem denunciar ao N\u00facleo de Atendimento ao Idoso que abarca o atendimento dos crimes previstos no Estatuto do Idoso.<\/p>\n<p>O bar Jolly Rogers no Aeroporto promove no dia 23, \u00e0s 15h, o Bloco da Garagem. Fazendo barulho: Legrand, Raw, Martiataka e Pathos.<\/p>\n<p>Para assinar embaixo: Preserve o bom humor, alegria e tenha paz e sossego. Bom dia.<\/p>\n<p><img loading=\"lazy\" decoding=\"async\" class=\"aligncenter size-full wp-image-133259\" src=\"https:\/\/diarioregionaldigital.com.br\/wp-content\/uploads\/2019\/02\/Fashion_6x15.jpg\" alt=\"\" width=\"3484\" height=\"1772\" srcset=\"https:\/\/diarioregionaldigital.com.br\/wp-content\/uploads\/2019\/02\/Fashion_6x15.jpg 3484w, https:\/\/diarioregionaldigital.com.br\/wp-content\/uploads\/2019\/02\/Fashion_6x15-300x153.jpg 300w, https:\/\/diarioregionaldigital.com.br\/wp-content\/uploads\/2019\/02\/Fashion_6x15-768x391.jpg 768w, https:\/\/diarioregionaldigital.com.br\/wp-content\/uploads\/2019\/02\/Fashion_6x15-1024x521.jpg 1024w, https:\/\/diarioregionaldigital.com.br\/wp-content\/uploads\/2019\/02\/Fashion_6x15-360x183.jpg 360w\" sizes=\"auto, (max-width: 3484px) 100vw, 3484px\" \/><\/p>\n","protected":false},"excerpt":{"rendered":"<p>Nequitz Eterna rainha das artes pl\u00e1sticas, Nequitz Miguel est\u00e1 ganhando o mundo. Ela est\u00e1 entre os selecionados para a exposi\u00e7\u00e3o que ser\u00e1 realizada na Galeria Chelsea em Londres representados por renomados artistas brasileiros que t\u00eam cole\u00e7\u00f5es em todo o universo. A curadoria ser\u00e1 do presidente da Cia. Arte e Cultura, Paco de Assis. Aplausos. Liberdade [&hellip;]<\/p>\n","protected":false},"author":96,"featured_media":134391,"comment_status":"closed","ping_status":"closed","sticky":false,"template":"","format":"standard","meta":{"footnotes":""},"categories":[264],"tags":[],"class_list":["post-134404","post","type-post","status-publish","format-standard","has-post-thumbnail","hentry","category-eduardo-gomes"],"_links":{"self":[{"href":"https:\/\/diarioregionaldigital.com.br\/index.php?rest_route=\/wp\/v2\/posts\/134404","targetHints":{"allow":["GET"]}}],"collection":[{"href":"https:\/\/diarioregionaldigital.com.br\/index.php?rest_route=\/wp\/v2\/posts"}],"about":[{"href":"https:\/\/diarioregionaldigital.com.br\/index.php?rest_route=\/wp\/v2\/types\/post"}],"author":[{"embeddable":true,"href":"https:\/\/diarioregionaldigital.com.br\/index.php?rest_route=\/wp\/v2\/users\/96"}],"replies":[{"embeddable":true,"href":"https:\/\/diarioregionaldigital.com.br\/index.php?rest_route=%2Fwp%2Fv2%2Fcomments&post=134404"}],"version-history":[{"count":0,"href":"https:\/\/diarioregionaldigital.com.br\/index.php?rest_route=\/wp\/v2\/posts\/134404\/revisions"}],"wp:featuredmedia":[{"embeddable":true,"href":"https:\/\/diarioregionaldigital.com.br\/index.php?rest_route=\/wp\/v2\/media\/134391"}],"wp:attachment":[{"href":"https:\/\/diarioregionaldigital.com.br\/index.php?rest_route=%2Fwp%2Fv2%2Fmedia&parent=134404"}],"wp:term":[{"taxonomy":"category","embeddable":true,"href":"https:\/\/diarioregionaldigital.com.br\/index.php?rest_route=%2Fwp%2Fv2%2Fcategories&post=134404"},{"taxonomy":"post_tag","embeddable":true,"href":"https:\/\/diarioregionaldigital.com.br\/index.php?rest_route=%2Fwp%2Fv2%2Ftags&post=134404"}],"curies":[{"name":"wp","href":"https:\/\/api.w.org\/{rel}","templated":true}]}}