{"id":134278,"date":"2019-02-21T13:03:23","date_gmt":"2019-02-21T16:03:23","guid":{"rendered":"https:\/\/diarioregionaldigital.com.br\/?p=134278"},"modified":"2019-02-21T16:28:35","modified_gmt":"2019-02-21T19:28:35","slug":"pam-marechal-ficara-fechado-para-manutencao-e-dedetizacao-na-sexta-feira","status":"publish","type":"post","link":"https:\/\/diarioregionaldigital.com.br\/?p=134278","title":{"rendered":"PAM Marechal ficar\u00e1 fechado para manuten\u00e7\u00e3o e dedetiza\u00e7\u00e3o na sexta-feira"},"content":{"rendered":"<p>Na pr\u00f3xima sexta-feira, 22, as instala\u00e7\u00f5es do pr\u00e9dio PAM Marechal estar\u00e3o fechadas para manuten\u00e7\u00e3o. Todos os setores da unidade foram notificados para remanejamento de consultas e exames.<\/p>\n<p>Ser\u00e1 realizada limpeza geral e dedetiza\u00e7\u00e3o no local. A dedetiza\u00e7\u00e3o \u00e9 um trabalho de rotina para evitar pragas e roedores.<\/p>\n<p>A galeria que liga as ruas Marechal e Mister Moore ser\u00e1 reaberta na manh\u00e3 de s\u00e1bado, 23. Os servi\u00e7os do PAM Marechal voltar\u00e3o a funcionar normalmente na pr\u00f3xima segunda-feira, 25.<\/p>\n","protected":false},"excerpt":{"rendered":"<p>Na pr\u00f3xima sexta-feira, 22, as instala\u00e7\u00f5es do pr\u00e9dio PAM Marechal estar\u00e3o fechadas para manuten\u00e7\u00e3o. Todos os setores da unidade foram notificados para remanejamento de consultas e exames. Ser\u00e1 realizada limpeza geral e dedetiza\u00e7\u00e3o no local. A dedetiza\u00e7\u00e3o \u00e9 um trabalho de rotina para evitar pragas e roedores. A galeria que liga as ruas Marechal e [&hellip;]<\/p>\n","protected":false},"author":96,"featured_media":134279,"comment_status":"closed","ping_status":"closed","sticky":false,"template":"","format":"standard","meta":{"footnotes":""},"categories":[253,436,440,439],"tags":[],"class_list":["post-134278","post","type-post","status-publish","format-standard","has-post-thumbnail","hentry","category-cidade","category-destaque-da-semana","category-destaques-do-dia","category-ultima-hora"],"_links":{"self":[{"href":"https:\/\/diarioregionaldigital.com.br\/index.php?rest_route=\/wp\/v2\/posts\/134278","targetHints":{"allow":["GET"]}}],"collection":[{"href":"https:\/\/diarioregionaldigital.com.br\/index.php?rest_route=\/wp\/v2\/posts"}],"about":[{"href":"https:\/\/diarioregionaldigital.com.br\/index.php?rest_route=\/wp\/v2\/types\/post"}],"author":[{"embeddable":true,"href":"https:\/\/diarioregionaldigital.com.br\/index.php?rest_route=\/wp\/v2\/users\/96"}],"replies":[{"embeddable":true,"href":"https:\/\/diarioregionaldigital.com.br\/index.php?rest_route=%2Fwp%2Fv2%2Fcomments&post=134278"}],"version-history":[{"count":0,"href":"https:\/\/diarioregionaldigital.com.br\/index.php?rest_route=\/wp\/v2\/posts\/134278\/revisions"}],"wp:featuredmedia":[{"embeddable":true,"href":"https:\/\/diarioregionaldigital.com.br\/index.php?rest_route=\/wp\/v2\/media\/134279"}],"wp:attachment":[{"href":"https:\/\/diarioregionaldigital.com.br\/index.php?rest_route=%2Fwp%2Fv2%2Fmedia&parent=134278"}],"wp:term":[{"taxonomy":"category","embeddable":true,"href":"https:\/\/diarioregionaldigital.com.br\/index.php?rest_route=%2Fwp%2Fv2%2Fcategories&post=134278"},{"taxonomy":"post_tag","embeddable":true,"href":"https:\/\/diarioregionaldigital.com.br\/index.php?rest_route=%2Fwp%2Fv2%2Ftags&post=134278"}],"curies":[{"name":"wp","href":"https:\/\/api.w.org\/{rel}","templated":true}]}}