{"id":134274,"date":"2019-02-19T12:52:27","date_gmt":"2019-02-19T15:52:27","guid":{"rendered":"https:\/\/diarioregionaldigital.com.br\/?p=134274"},"modified":"2019-02-19T18:13:09","modified_gmt":"2019-02-19T21:13:09","slug":"maior-superlua-do-ano-ocorre-nesta-terca-feira","status":"publish","type":"post","link":"https:\/\/diarioregionaldigital.com.br\/?p=134274","title":{"rendered":"Maior superlua do ano ocorre nesta ter\u00e7a-feira"},"content":{"rendered":"<p>O fen\u00f4meno da superlua, quando o sat\u00e9lite natural estar\u00e1 no ponto mais pr\u00f3ximo da Terra de sua \u00f3rbita, ocorre na noite de desta ter\u00e7a-feira, 19. Segundo a Ag\u00eancia Espacial dos Estados Unidos (Nasa, na sigla em ingl\u00eas), das tr\u00eas vezes que o fen\u00f4meno deve ocorrer em 2019, esta ser\u00e1 a maior superlua do ano. A \u00faltima ocorr\u00eancia foi em 20 de janeiro e a pr\u00f3xima ser\u00e1 em mar\u00e7o.<\/p>\n<p>A Lua aparecer\u00e1 10% maior do que em uma lua cheia convencional. Ela estar\u00e1 a 356,7 mil quil\u00f4metros de dist\u00e2ncia da Terra. Em um apogeu, quando a Lua est\u00e1 no ponto mais longe da terra, ela chega a ficar a 405,7 mil quil\u00f4metros de dist\u00e2ncia. Em mar\u00e7o de 2011, a Lua esteve em um perigeu (ponto em que a Lua est\u00e1 mais pr\u00f3xima da Terra) ainda mais pr\u00f3ximo do que o de hoje, a 203 mil quil\u00f4metros.<\/p>\n<p>O fen\u00f4meno pode ser visto a olho nu, sem a necessidade de qualquer tipo de prote\u00e7\u00e3o ou equipamentos.<\/p>\n<p>O termo superlua foi criado pelo astr\u00f3logo norte-americano Richard Nolle em 1979. Ele definiu como superlua as ocorr\u00eancias de Lua cheia em que o sat\u00e9lite estivesse dentro da linha de at\u00e9 90% do ponto mais pr\u00f3ximo da Terra.<\/p>\n<p>Fonte: Ag\u00eancia Brasil<\/p>\n","protected":false},"excerpt":{"rendered":"<p>O fen\u00f4meno da superlua, quando o sat\u00e9lite natural estar\u00e1 no ponto mais pr\u00f3ximo da Terra de sua \u00f3rbita, ocorre na noite de desta ter\u00e7a-feira, 19. Segundo a Ag\u00eancia Espacial dos Estados Unidos (Nasa, na sigla em ingl\u00eas), das tr\u00eas vezes que o fen\u00f4meno deve ocorrer em 2019, esta ser\u00e1 a maior superlua do ano. A [&hellip;]<\/p>\n","protected":false},"author":96,"featured_media":134275,"comment_status":"closed","ping_status":"closed","sticky":false,"template":"","format":"standard","meta":{"footnotes":""},"categories":[302,436,440,439],"tags":[],"class_list":["post-134274","post","type-post","status-publish","format-standard","has-post-thumbnail","hentry","category-brasil-mundo","category-destaque-da-semana","category-destaques-do-dia","category-ultima-hora"],"_links":{"self":[{"href":"https:\/\/diarioregionaldigital.com.br\/index.php?rest_route=\/wp\/v2\/posts\/134274","targetHints":{"allow":["GET"]}}],"collection":[{"href":"https:\/\/diarioregionaldigital.com.br\/index.php?rest_route=\/wp\/v2\/posts"}],"about":[{"href":"https:\/\/diarioregionaldigital.com.br\/index.php?rest_route=\/wp\/v2\/types\/post"}],"author":[{"embeddable":true,"href":"https:\/\/diarioregionaldigital.com.br\/index.php?rest_route=\/wp\/v2\/users\/96"}],"replies":[{"embeddable":true,"href":"https:\/\/diarioregionaldigital.com.br\/index.php?rest_route=%2Fwp%2Fv2%2Fcomments&post=134274"}],"version-history":[{"count":0,"href":"https:\/\/diarioregionaldigital.com.br\/index.php?rest_route=\/wp\/v2\/posts\/134274\/revisions"}],"wp:featuredmedia":[{"embeddable":true,"href":"https:\/\/diarioregionaldigital.com.br\/index.php?rest_route=\/wp\/v2\/media\/134275"}],"wp:attachment":[{"href":"https:\/\/diarioregionaldigital.com.br\/index.php?rest_route=%2Fwp%2Fv2%2Fmedia&parent=134274"}],"wp:term":[{"taxonomy":"category","embeddable":true,"href":"https:\/\/diarioregionaldigital.com.br\/index.php?rest_route=%2Fwp%2Fv2%2Fcategories&post=134274"},{"taxonomy":"post_tag","embeddable":true,"href":"https:\/\/diarioregionaldigital.com.br\/index.php?rest_route=%2Fwp%2Fv2%2Ftags&post=134274"}],"curies":[{"name":"wp","href":"https:\/\/api.w.org\/{rel}","templated":true}]}}