{"id":134232,"date":"2019-02-19T13:38:51","date_gmt":"2019-02-19T16:38:51","guid":{"rendered":"https:\/\/diarioregionaldigital.com.br\/?p=134232"},"modified":"2019-02-19T13:40:00","modified_gmt":"2019-02-19T16:40:00","slug":"funalfa-lanca-edital-para-ocupacao-gratuita-do-teatro-paschoal-carlos-magno","status":"publish","type":"post","link":"https:\/\/diarioregionaldigital.com.br\/?p=134232","title":{"rendered":"Funalfa lan\u00e7a edital para ocupa\u00e7\u00e3o gratuita do Teatro \u201cPaschoal Carlos Magno\u201d"},"content":{"rendered":"<p>Artistas e produtores culturais interessados em ocupar gratuitamente o Teatro \u201cPaschoal Carlos Magno\u201d (Rua Gilberto de Alencar, Centro), no per\u00edodo de 1\u00ba de abril a 31 de outubro deste ano, devem ficar atentos ao edital lan\u00e7ado pela Prefeitura de Juiz de Fora (PJF), por meio da Funda\u00e7\u00e3o Cultural \u201cAlfredo Ferreira Lage\u201d (Funalfa). Podem participar da sele\u00e7\u00e3o pessoas f\u00edsicas ou jur\u00eddicas (produtoras, associa\u00e7\u00f5es de classe, cooperativas, entidades, grupos ou coletivos de artistas, entre outros), desde que estejam estabelecidas na cidade. As inscri\u00e7\u00f5es j\u00e1 est\u00e3o abertas e seguem at\u00e9 15 de mar\u00e7o.<\/p>\n<p>O edital disponibilizar\u00e1 at\u00e9 30 di\u00e1rias para utiliza\u00e7\u00e3o do espa\u00e7o, sem qualquer tipo de remunera\u00e7\u00e3o \u00e0 Funalfa, seguindo as regras previstas no edital e no Manual de Produ\u00e7\u00e3o do Teatro \u201cPaschoal Carlos Magno\u201d, dispon\u00edveis no\u00a0<a href=\"https:\/\/www.pjf.mg.gov.br\/administracao_indireta\/funalfa\/editais\/otpcm\/2019\/index.php\">portal da PJF<\/a>, junto com a ficha de inscri\u00e7\u00e3o e demais anexos.<\/p>\n<p>Cada proponente poder\u00e1 inscrever uma proposta, detalhando o n\u00famero de datas solicitadas. Os projetos dever\u00e3o, obrigatoriamente, oferecer contrapartida social, que poder\u00e1 ser:<\/p>\n<p><b>a)<\/b>\u00a0comercializa\u00e7\u00e3o de ingressos a pre\u00e7os acess\u00edveis (at\u00e9 R$ 15);<\/p>\n<p><b>b)<\/b>\u00a0destina\u00e7\u00e3o de, pelo menos, 25% da totalidade dos ingressos a uma organiza\u00e7\u00e3o social sem fins lucrativos, iniciativas de cunho s\u00f3cioassistencial ou equipamentos p\u00fablicos escolhidos pelo proponente, em conjunto com a Funalfa, ap\u00f3s a divulga\u00e7\u00e3o do resultado;<\/p>\n<p><b>c)<\/b>\u00a0utiliza\u00e7\u00e3o de a\u00e7\u00f5es de acessibilidade, al\u00e9m das oferecidas pelo espa\u00e7o, a pessoas com defici\u00eancia, como audiodescri\u00e7\u00e3o, libras ou legendas descritivas em todo o evento.<\/p>\n<p>Toda a documenta\u00e7\u00e3o exigida deve ser conferida no edital, colocada em um envelope e entregue no Setor de Expediente Funalfa (Avenida Rio Branco, 2.234 &#8211; Centro \u2013 Juiz de Fora), de segunda a sexta-feira, das 9 \u00e0s 12 horas e das 14 \u00e0s 17 horas. O resultado ser\u00e1 divulgado at\u00e9 22 de mar\u00e7o. D\u00favidas sobre o edital podem ser esclarecidas pelo telefone 3690-2307.<\/p>\n<p>Encerrado o edital, ser\u00e1 aberto o agendamento das datas restantes para outras apresenta\u00e7\u00f5es, pelo processo de demanda espont\u00e2nea, atrav\u00e9s do e-mail paschoal.teatro@gmail.com. Essas reservas seguir\u00e3o a tabela de pre\u00e7os do teatro, que poder\u00e1 ser solicitada pelo produtor atrav\u00e9s do mesmo endere\u00e7o de e-mail.<\/p>\n<p>&nbsp;<\/p>\n<p>Fonte: PJF<\/p>\n","protected":false},"excerpt":{"rendered":"<p>Artistas e produtores culturais interessados em ocupar gratuitamente o Teatro \u201cPaschoal Carlos Magno\u201d (Rua Gilberto de Alencar, Centro), no per\u00edodo de 1\u00ba de abril a 31 de outubro deste ano, devem ficar atentos ao edital lan\u00e7ado pela Prefeitura de Juiz de Fora (PJF), por meio da Funda\u00e7\u00e3o Cultural \u201cAlfredo Ferreira Lage\u201d (Funalfa). Podem participar da [&hellip;]<\/p>\n","protected":false},"author":96,"featured_media":134233,"comment_status":"closed","ping_status":"closed","sticky":false,"template":"","format":"standard","meta":{"footnotes":""},"categories":[256,436,262,439],"tags":[],"class_list":["post-134232","post","type-post","status-publish","format-standard","has-post-thumbnail","hentry","category-cultura","category-destaque-da-semana","category-noticias","category-ultima-hora"],"_links":{"self":[{"href":"https:\/\/diarioregionaldigital.com.br\/index.php?rest_route=\/wp\/v2\/posts\/134232","targetHints":{"allow":["GET"]}}],"collection":[{"href":"https:\/\/diarioregionaldigital.com.br\/index.php?rest_route=\/wp\/v2\/posts"}],"about":[{"href":"https:\/\/diarioregionaldigital.com.br\/index.php?rest_route=\/wp\/v2\/types\/post"}],"author":[{"embeddable":true,"href":"https:\/\/diarioregionaldigital.com.br\/index.php?rest_route=\/wp\/v2\/users\/96"}],"replies":[{"embeddable":true,"href":"https:\/\/diarioregionaldigital.com.br\/index.php?rest_route=%2Fwp%2Fv2%2Fcomments&post=134232"}],"version-history":[{"count":0,"href":"https:\/\/diarioregionaldigital.com.br\/index.php?rest_route=\/wp\/v2\/posts\/134232\/revisions"}],"wp:featuredmedia":[{"embeddable":true,"href":"https:\/\/diarioregionaldigital.com.br\/index.php?rest_route=\/wp\/v2\/media\/134233"}],"wp:attachment":[{"href":"https:\/\/diarioregionaldigital.com.br\/index.php?rest_route=%2Fwp%2Fv2%2Fmedia&parent=134232"}],"wp:term":[{"taxonomy":"category","embeddable":true,"href":"https:\/\/diarioregionaldigital.com.br\/index.php?rest_route=%2Fwp%2Fv2%2Fcategories&post=134232"},{"taxonomy":"post_tag","embeddable":true,"href":"https:\/\/diarioregionaldigital.com.br\/index.php?rest_route=%2Fwp%2Fv2%2Ftags&post=134232"}],"curies":[{"name":"wp","href":"https:\/\/api.w.org\/{rel}","templated":true}]}}