{"id":134227,"date":"2019-02-18T23:21:24","date_gmt":"2019-02-19T02:21:24","guid":{"rendered":"https:\/\/diarioregionaldigital.com.br\/?p=134227"},"modified":"2019-02-18T23:21:24","modified_gmt":"2019-02-19T02:21:24","slug":"vasco-liga-sinal-de-alerta-na-copa-do-brasil-apos-titulo-no-domingo","status":"publish","type":"post","link":"https:\/\/diarioregionaldigital.com.br\/?p=134227","title":{"rendered":"Vasco liga sinal de alerta na Copa do Brasil ap\u00f3s t\u00edtulo no domingo"},"content":{"rendered":"<p>Passada a conquista do t\u00edtulo da Ta\u00e7a Guanabara, primeiro turno do\u00a0Campeonato Carioca, o\u00a0Vasco\u00a0 j\u00e1 virou a chave e come\u00e7ou a pensar no duelo contra o Serra nesta quarta-feira, \u00e0s 21h30, no Est\u00e1dio Kl\u00e9ber Andrade, em Cariacica (ES), pela segunda fase da Copa do Brasil.\u00a0 O Cruz-Maltino ainda tem vivo na mem\u00f3ria o sufoco da estreia, quando sofreu para arrancar empate por 2 a 2 com o Juazeirense, na Bahia, e por muito pouco n\u00e3o amargou uma elimina\u00e7\u00e3o precoce.<\/p>\n<p>Agora o Vasco n\u00e3o tem mais a vantagem do empate e se a partida terminar em igualdade acontecer\u00e1 a disputa de p\u00eanaltis. Justamente por conta disso que os jogadores sabem que n\u00e3o podem vacilar.<\/p>\n<p>\u201cVai ser mais um jogo complicado, pois a Copa do Brasil n\u00e3o permite falhas ou um jogo ruim. Pode acabar custando tudo aquilo que planejamos para a temporada e por isso mesmo estamos concentrados e cientes do que podemos esperar\u201d, disse o goleiro Fernando Miguel.<\/p>\n<p>\u201cO Serra conseguiu a sua classifica\u00e7\u00e3o e por isso tem m\u00e9ritos de chegar a este confronto. Vai contar com nosso respeito como todos os advers\u00e1rios merecem. Vamos trabalhar para fazermos um grande confronto e conseguirmos a classifica\u00e7\u00e3o no tempo normal. N\u00e3o vai ser f\u00e1cil, mas podemos nos impor em campo\u201d, completou.<\/p>\n<p>O t\u00e9cnico Alberto Valentim vai usar a atividade desta ter\u00e7a-feira para definir a forma\u00e7\u00e3o que vai a campo, uma vez que a atividade desta segunda-feira foi regenerativa.<\/p>\n<p>Em termos de Campeonato Carioca o Vasco s\u00f3 vai estrear na Ta\u00e7a Rio, segundo turno do Campeonato Carioca, no s\u00e1bado, quando mede for\u00e7as com o Botafogo \u00a0a partir das 19h, no Est\u00e1dio Nilton Santos, no Rio de Janeiro.<\/p>\n<p><strong>Fonte: Gazeta Press<\/strong><\/p>\n","protected":false},"excerpt":{"rendered":"<p>Passada a conquista do t\u00edtulo da Ta\u00e7a Guanabara, primeiro turno do\u00a0Campeonato Carioca, o\u00a0Vasco\u00a0 j\u00e1 virou a chave e come\u00e7ou a pensar no duelo contra o Serra nesta quarta-feira, \u00e0s 21h30, no Est\u00e1dio Kl\u00e9ber Andrade, em Cariacica (ES), pela segunda fase da Copa do Brasil.\u00a0 O Cruz-Maltino ainda tem vivo na mem\u00f3ria o sufoco da estreia, [&hellip;]<\/p>\n","protected":false},"author":96,"featured_media":134228,"comment_status":"closed","ping_status":"closed","sticky":false,"template":"","format":"standard","meta":{"footnotes":""},"categories":[257,439],"tags":[],"class_list":["post-134227","post","type-post","status-publish","format-standard","has-post-thumbnail","hentry","category-esporte","category-ultima-hora"],"_links":{"self":[{"href":"https:\/\/diarioregionaldigital.com.br\/index.php?rest_route=\/wp\/v2\/posts\/134227","targetHints":{"allow":["GET"]}}],"collection":[{"href":"https:\/\/diarioregionaldigital.com.br\/index.php?rest_route=\/wp\/v2\/posts"}],"about":[{"href":"https:\/\/diarioregionaldigital.com.br\/index.php?rest_route=\/wp\/v2\/types\/post"}],"author":[{"embeddable":true,"href":"https:\/\/diarioregionaldigital.com.br\/index.php?rest_route=\/wp\/v2\/users\/96"}],"replies":[{"embeddable":true,"href":"https:\/\/diarioregionaldigital.com.br\/index.php?rest_route=%2Fwp%2Fv2%2Fcomments&post=134227"}],"version-history":[{"count":0,"href":"https:\/\/diarioregionaldigital.com.br\/index.php?rest_route=\/wp\/v2\/posts\/134227\/revisions"}],"wp:featuredmedia":[{"embeddable":true,"href":"https:\/\/diarioregionaldigital.com.br\/index.php?rest_route=\/wp\/v2\/media\/134228"}],"wp:attachment":[{"href":"https:\/\/diarioregionaldigital.com.br\/index.php?rest_route=%2Fwp%2Fv2%2Fmedia&parent=134227"}],"wp:term":[{"taxonomy":"category","embeddable":true,"href":"https:\/\/diarioregionaldigital.com.br\/index.php?rest_route=%2Fwp%2Fv2%2Fcategories&post=134227"},{"taxonomy":"post_tag","embeddable":true,"href":"https:\/\/diarioregionaldigital.com.br\/index.php?rest_route=%2Fwp%2Fv2%2Ftags&post=134227"}],"curies":[{"name":"wp","href":"https:\/\/api.w.org\/{rel}","templated":true}]}}