{"id":134210,"date":"2019-02-19T06:00:22","date_gmt":"2019-02-19T09:00:22","guid":{"rendered":"https:\/\/diarioregionaldigital.com.br\/?p=134210"},"modified":"2019-02-18T21:11:10","modified_gmt":"2019-02-19T00:11:10","slug":"prefeitura-municipal-de-tocantins-licitacao-no003-19-02-19","status":"publish","type":"post","link":"https:\/\/diarioregionaldigital.com.br\/?p=134210","title":{"rendered":"Prefeitura Municipal de Tocantins &#8211; Licita\u00e7\u00e3o n\u00ba003 &#8211; 19\/02\/19"},"content":{"rendered":"<p style=\"margin: 0cm; margin-bottom: .0001pt; text-align: center; background: white;\" align=\"center\"><b><span style=\"font-family: 'Century Gothic','sans-serif'; color: black;\">AVISO DE LICITA\u00c7\u00c3O<\/span><\/b><\/p>\n<p style=\"margin: 0cm; margin-bottom: .0001pt; text-align: center; background: white;\" align=\"center\"><b><span style=\"font-family: 'Century Gothic','sans-serif'; color: black;\">Licita\u00e7\u00e3o n\u00b0 003\/2019<\/span><\/b><\/p>\n<p style=\"margin: 0cm; margin-bottom: .0001pt; text-align: center; background: white;\" align=\"center\"><b><span style=\"font-family: 'Century Gothic','sans-serif'; color: black;\">Modalidade de Preg\u00e3o Presencial n\u00b0 002\/2019<\/span><\/b><\/p>\n<p style=\"margin: 0cm; margin-bottom: .0001pt; text-align: center; background: white;\" align=\"center\"><b><span style=\"font-family: 'Century Gothic','sans-serif'; color: black;\">\u00a0<\/span><\/b><span style=\"font-family: 'Century Gothic','sans-serif'; color: black;\">O Munic\u00edpio de TOCANTINS, na forma da lei, faz saber a todos os interessados que far\u00e1 licita\u00e7\u00e3o na modalidade de preg\u00e3o presencial para registro de pre\u00e7os para\u00a0<\/span><span style=\"color: black;\">AQUISI\u00c7\u00c3O DE DIVERSOS MATERIAIS (BLOQUETES, MANILHAS E MEIO FIO DE CONCRETO) A SEREM UTILIZADOS PELA SECRETARIA MUNICIPAL DE OBRAS P\u00daBLICAS NA MANUTEN\u00c7\u00c3O DE SUAS ATIVIDADES DI\u00c1RIAS,\u00a0<\/span><span style=\"font-family: 'Century Gothic','sans-serif'; color: black;\">no dia 11\/03\/2019 \u00e0s 08:30 horas na sala da comiss\u00e3o de licita\u00e7\u00e3o, localizada na Av. Padre Mac\u00e1rio, n\u00b0 129, bairro Centro, munic\u00edpio de TOCANTINS. O edital completo encontra-se a disposi\u00e7\u00e3o dos interessados no endere\u00e7o citado anteriormente, no hor\u00e1rio de expediente de 08:00 as 11:00 horas e 13:00 as 16:00 horas. TOCANTINS, 18 de FEVEREIRO de 2019.<\/span><\/p>\n<p style=\"margin: 0cm; margin-bottom: .0001pt; text-align: center; background: white;\" align=\"center\"><span style=\"font-family: 'Century Gothic','sans-serif'; color: black;\">\u00a0<\/span><b><span style=\"color: black;\">LUIZ FERNANDO BARBOSA DA SILVA &#8211;\u00a0PREGOEIRO<\/span><\/b><\/p>\n","protected":false},"excerpt":{"rendered":"<p>AVISO DE LICITA\u00c7\u00c3O Licita\u00e7\u00e3o n\u00b0 003\/2019 Modalidade de Preg\u00e3o Presencial n\u00b0 002\/2019 \u00a0O Munic\u00edpio de TOCANTINS, na forma da lei, faz saber a todos os interessados que far\u00e1 licita\u00e7\u00e3o na modalidade de preg\u00e3o presencial para registro de pre\u00e7os para\u00a0AQUISI\u00c7\u00c3O DE DIVERSOS MATERIAIS (BLOQUETES, MANILHAS E MEIO FIO DE CONCRETO) A SEREM UTILIZADOS PELA SECRETARIA MUNICIPAL [&hellip;]<\/p>\n","protected":false},"author":96,"featured_media":0,"comment_status":"closed","ping_status":"closed","sticky":false,"template":"","format":"standard","meta":{"footnotes":""},"categories":[307],"tags":[],"class_list":["post-134210","post","type-post","status-publish","format-standard","hentry","category-editais"],"_links":{"self":[{"href":"https:\/\/diarioregionaldigital.com.br\/index.php?rest_route=\/wp\/v2\/posts\/134210","targetHints":{"allow":["GET"]}}],"collection":[{"href":"https:\/\/diarioregionaldigital.com.br\/index.php?rest_route=\/wp\/v2\/posts"}],"about":[{"href":"https:\/\/diarioregionaldigital.com.br\/index.php?rest_route=\/wp\/v2\/types\/post"}],"author":[{"embeddable":true,"href":"https:\/\/diarioregionaldigital.com.br\/index.php?rest_route=\/wp\/v2\/users\/96"}],"replies":[{"embeddable":true,"href":"https:\/\/diarioregionaldigital.com.br\/index.php?rest_route=%2Fwp%2Fv2%2Fcomments&post=134210"}],"version-history":[{"count":0,"href":"https:\/\/diarioregionaldigital.com.br\/index.php?rest_route=\/wp\/v2\/posts\/134210\/revisions"}],"wp:attachment":[{"href":"https:\/\/diarioregionaldigital.com.br\/index.php?rest_route=%2Fwp%2Fv2%2Fmedia&parent=134210"}],"wp:term":[{"taxonomy":"category","embeddable":true,"href":"https:\/\/diarioregionaldigital.com.br\/index.php?rest_route=%2Fwp%2Fv2%2Fcategories&post=134210"},{"taxonomy":"post_tag","embeddable":true,"href":"https:\/\/diarioregionaldigital.com.br\/index.php?rest_route=%2Fwp%2Fv2%2Ftags&post=134210"}],"curies":[{"name":"wp","href":"https:\/\/api.w.org\/{rel}","templated":true}]}}