{"id":134187,"date":"2019-02-19T06:00:44","date_gmt":"2019-02-19T09:00:44","guid":{"rendered":"https:\/\/diarioregionaldigital.com.br\/?p=134187"},"modified":"2019-02-18T21:11:29","modified_gmt":"2019-02-19T00:11:29","slug":"sai-calorao","status":"publish","type":"post","link":"https:\/\/diarioregionaldigital.com.br\/?p=134187","title":{"rendered":"Sai Calor\u00e3o"},"content":{"rendered":"<p style=\"text-align: center;\"><span style=\"font-size: 12pt;\"><strong>Sai Calor\u00e3o<\/strong><\/span><\/p>\n<p style=\"text-align: center;\">N\u00e3o h\u00e1 como fugir do coment\u00e1rio clich\u00ea, como est\u00e1 calor! O melhor a fazer \u00e9 aproveitar os menos tempor\u00e1rios de ver\u00e3o, lan\u00e7ados para aplicar as altas temperaturas. O Restaurante Pal\u00e1cio serve em seu buffet saladas tropicais, frutos do mar e as cervejas artesanais fazem o maior sucesso. O happy-hour com m\u00fasica ao vivo, est\u00e1 bombando.<\/p>\n<p style=\"text-align: center;\"><strong>No Mineir\u00e3o<\/strong><\/p>\n<p style=\"text-align: center;\">Um espa\u00e7o historicamente conhecido por ser \u201clugar de homem\u201d ser\u00e1 tomado por mulheres. O Mineir\u00e3o ser\u00e1 palco, de 20 a 23 de mar\u00e7o, do VOE Mulher, evento voltado para fortalecer as mulheres em todas as esferas da vida. A atriz Cl\u00e1udia Raia e a jornalista Fernanda Gentil s\u00e3o algumas das presen\u00e7as confirmadas.<\/p>\n<p style=\"text-align: center;\"><strong><span style=\"font-size: 12pt;\">Esperan\u00e7a Brasileira<\/span><\/strong><\/p>\n<p style=\"text-align: center;\">A um ano e meio das Olimp\u00edadas de 2020, em T\u00f3quio, atletas da categoria n\u00e3o disfar\u00e7am a confian\u00e7a na estreia do surfe como esporte ol\u00edmpico. Desde que Gabriel Medina conquistou o Bicampeonato Mundial de Surfe a gera\u00e7\u00e3o apelidada de \u201cBrazilian Storm\u201d (tempestade brasileira) tem gerado expectativa.<\/p>\n<p style=\"text-align: center;\"><strong><span style=\"font-size: 12pt;\">E agora?<\/span><\/strong><\/p>\n<p style=\"text-align: center;\">Ap\u00f3s a trag\u00e9dia de Brumadinho, estamos vendo e veremos por um bom tempo este aviso para que a popula\u00e7\u00e3o pr\u00f3xima a barragens abandone suas casas antes que o desastre aconte\u00e7a. Tem de haver um controle sobre esses alarmes. N\u00e3o pode a popula\u00e7\u00e3o sofrer com essas movimenta\u00e7\u00f5es sem que o ind\u00edcio de acidente seja alto.<\/p>\n<div id=\"attachment_134177\" style=\"width: 690px\" class=\"wp-caption aligncenter\"><img loading=\"lazy\" decoding=\"async\" aria-describedby=\"caption-attachment-134177\" class=\"wp-image-134177\" src=\"https:\/\/diarioregionaldigital.com.br\/wp-content\/uploads\/2019\/02\/fotoa-9-e1550533573784.jpg\" alt=\"\" width=\"680\" height=\"461\" srcset=\"https:\/\/diarioregionaldigital.com.br\/wp-content\/uploads\/2019\/02\/fotoa-9-e1550533573784.jpg 1640w, https:\/\/diarioregionaldigital.com.br\/wp-content\/uploads\/2019\/02\/fotoa-9-e1550533573784-300x203.jpg 300w, https:\/\/diarioregionaldigital.com.br\/wp-content\/uploads\/2019\/02\/fotoa-9-e1550533573784-768x520.jpg 768w, https:\/\/diarioregionaldigital.com.br\/wp-content\/uploads\/2019\/02\/fotoa-9-e1550533573784-1024x694.jpg 1024w, https:\/\/diarioregionaldigital.com.br\/wp-content\/uploads\/2019\/02\/fotoa-9-e1550533573784-360x244.jpg 360w\" sizes=\"auto, (max-width: 680px) 100vw, 680px\" \/><p id=\"caption-attachment-134177\" class=\"wp-caption-text\">Aniversariante de destaques da 3\u00aa feira, 19, a elegante Elizabeth Urgal Queiroz<\/p><\/div>\n<div id=\"attachment_134178\" style=\"width: 690px\" class=\"wp-caption aligncenter\"><img loading=\"lazy\" decoding=\"async\" aria-describedby=\"caption-attachment-134178\" class=\"wp-image-134178\" src=\"https:\/\/diarioregionaldigital.com.br\/wp-content\/uploads\/2019\/02\/fotob-8-e1550533613179.jpg\" alt=\"\" width=\"680\" height=\"489\" srcset=\"https:\/\/diarioregionaldigital.com.br\/wp-content\/uploads\/2019\/02\/fotob-8-e1550533613179.jpg 1164w, https:\/\/diarioregionaldigital.com.br\/wp-content\/uploads\/2019\/02\/fotob-8-e1550533613179-300x216.jpg 300w, https:\/\/diarioregionaldigital.com.br\/wp-content\/uploads\/2019\/02\/fotob-8-e1550533613179-768x552.jpg 768w, https:\/\/diarioregionaldigital.com.br\/wp-content\/uploads\/2019\/02\/fotob-8-e1550533613179-1024x736.jpg 1024w, https:\/\/diarioregionaldigital.com.br\/wp-content\/uploads\/2019\/02\/fotob-8-e1550533613179-360x259.jpg 360w\" sizes=\"auto, (max-width: 680px) 100vw, 680px\" \/><p id=\"caption-attachment-134178\" class=\"wp-caption-text\">Mulheres elegantes no navio MSC em pleno Caribe, Gigy Castro, Mery Aguiar de Castro, Ivanna Castro<\/p><\/div>\n<div id=\"attachment_134180\" style=\"width: 690px\" class=\"wp-caption aligncenter\"><img loading=\"lazy\" decoding=\"async\" aria-describedby=\"caption-attachment-134180\" class=\"wp-image-134180\" src=\"https:\/\/diarioregionaldigital.com.br\/wp-content\/uploads\/2019\/02\/fotod-9-e1550533643190.jpg\" alt=\"\" width=\"680\" height=\"511\" srcset=\"https:\/\/diarioregionaldigital.com.br\/wp-content\/uploads\/2019\/02\/fotod-9-e1550533643190.jpg 1161w, https:\/\/diarioregionaldigital.com.br\/wp-content\/uploads\/2019\/02\/fotod-9-e1550533643190-300x225.jpg 300w, https:\/\/diarioregionaldigital.com.br\/wp-content\/uploads\/2019\/02\/fotod-9-e1550533643190-768x577.jpg 768w, https:\/\/diarioregionaldigital.com.br\/wp-content\/uploads\/2019\/02\/fotod-9-e1550533643190-1024x769.jpg 1024w, https:\/\/diarioregionaldigital.com.br\/wp-content\/uploads\/2019\/02\/fotod-9-e1550533643190-360x270.jpg 360w\" sizes=\"auto, (max-width: 680px) 100vw, 680px\" \/><p id=\"caption-attachment-134180\" class=\"wp-caption-text\">O belo Josean Pestana em close na cidade de Miracema (MG)<\/p><\/div>\n<div id=\"attachment_134181\" style=\"width: 690px\" class=\"wp-caption aligncenter\"><img loading=\"lazy\" decoding=\"async\" aria-describedby=\"caption-attachment-134181\" class=\"wp-image-134181\" src=\"https:\/\/diarioregionaldigital.com.br\/wp-content\/uploads\/2019\/02\/fotoe-8-e1550533666131.jpg\" alt=\"\" width=\"680\" height=\"515\" srcset=\"https:\/\/diarioregionaldigital.com.br\/wp-content\/uploads\/2019\/02\/fotoe-8-e1550533666131.jpg 1175w, https:\/\/diarioregionaldigital.com.br\/wp-content\/uploads\/2019\/02\/fotoe-8-e1550533666131-300x227.jpg 300w, https:\/\/diarioregionaldigital.com.br\/wp-content\/uploads\/2019\/02\/fotoe-8-e1550533666131-768x582.jpg 768w, https:\/\/diarioregionaldigital.com.br\/wp-content\/uploads\/2019\/02\/fotoe-8-e1550533666131-1024x776.jpg 1024w, https:\/\/diarioregionaldigital.com.br\/wp-content\/uploads\/2019\/02\/fotoe-8-e1550533666131-360x273.jpg 360w\" sizes=\"auto, (max-width: 680px) 100vw, 680px\" \/><p id=\"caption-attachment-134181\" class=\"wp-caption-text\">Na Cervejaria Mirante, os antenados J\u00fanior Caiaffa e Gustavo Almeida<\/p><\/div>\n<div id=\"attachment_134182\" style=\"width: 690px\" class=\"wp-caption aligncenter\"><img loading=\"lazy\" decoding=\"async\" aria-describedby=\"caption-attachment-134182\" class=\"wp-image-134182\" src=\"https:\/\/diarioregionaldigital.com.br\/wp-content\/uploads\/2019\/02\/fotof-10-e1550533686120.jpg\" alt=\"\" width=\"680\" height=\"488\" srcset=\"https:\/\/diarioregionaldigital.com.br\/wp-content\/uploads\/2019\/02\/fotof-10-e1550533686120.jpg 1648w, https:\/\/diarioregionaldigital.com.br\/wp-content\/uploads\/2019\/02\/fotof-10-e1550533686120-300x215.jpg 300w, https:\/\/diarioregionaldigital.com.br\/wp-content\/uploads\/2019\/02\/fotof-10-e1550533686120-768x551.jpg 768w, https:\/\/diarioregionaldigital.com.br\/wp-content\/uploads\/2019\/02\/fotof-10-e1550533686120-1024x734.jpg 1024w, https:\/\/diarioregionaldigital.com.br\/wp-content\/uploads\/2019\/02\/fotof-10-e1550533686120-360x258.jpg 360w\" sizes=\"auto, (max-width: 680px) 100vw, 680px\" \/><p id=\"caption-attachment-134182\" class=\"wp-caption-text\">O Viva Ver\u00e3o da bel\u00edssima Laurien Fonseca<\/p><\/div>\n<div id=\"attachment_134183\" style=\"width: 690px\" class=\"wp-caption aligncenter\"><img loading=\"lazy\" decoding=\"async\" aria-describedby=\"caption-attachment-134183\" class=\"wp-image-134183\" src=\"https:\/\/diarioregionaldigital.com.br\/wp-content\/uploads\/2019\/02\/fotog-8-e1550533711321.jpg\" alt=\"\" width=\"680\" height=\"502\" srcset=\"https:\/\/diarioregionaldigital.com.br\/wp-content\/uploads\/2019\/02\/fotog-8-e1550533711321.jpg 1176w, https:\/\/diarioregionaldigital.com.br\/wp-content\/uploads\/2019\/02\/fotog-8-e1550533711321-300x221.jpg 300w, https:\/\/diarioregionaldigital.com.br\/wp-content\/uploads\/2019\/02\/fotog-8-e1550533711321-768x567.jpg 768w, https:\/\/diarioregionaldigital.com.br\/wp-content\/uploads\/2019\/02\/fotog-8-e1550533711321-1024x756.jpg 1024w, https:\/\/diarioregionaldigital.com.br\/wp-content\/uploads\/2019\/02\/fotog-8-e1550533711321-360x266.jpg 360w\" sizes=\"auto, (max-width: 680px) 100vw, 680px\" \/><p id=\"caption-attachment-134183\" class=\"wp-caption-text\">No Sal\u00e3o Mega Studio (MS), Eduardo Gomes ladeado das talentosas profissionais, Simone Theodoro e Luzimar Gon\u00e7alves<\/p><\/div>\n<div id=\"attachment_134184\" style=\"width: 690px\" class=\"wp-caption aligncenter\"><img loading=\"lazy\" decoding=\"async\" aria-describedby=\"caption-attachment-134184\" class=\"wp-image-134184\" src=\"https:\/\/diarioregionaldigital.com.br\/wp-content\/uploads\/2019\/02\/fotoh-8-e1550533747714.jpg\" alt=\"\" width=\"680\" height=\"540\" srcset=\"https:\/\/diarioregionaldigital.com.br\/wp-content\/uploads\/2019\/02\/fotoh-8-e1550533747714.jpg 1159w, https:\/\/diarioregionaldigital.com.br\/wp-content\/uploads\/2019\/02\/fotoh-8-e1550533747714-300x238.jpg 300w, https:\/\/diarioregionaldigital.com.br\/wp-content\/uploads\/2019\/02\/fotoh-8-e1550533747714-768x610.jpg 768w, https:\/\/diarioregionaldigital.com.br\/wp-content\/uploads\/2019\/02\/fotoh-8-e1550533747714-1024x813.jpg 1024w, https:\/\/diarioregionaldigital.com.br\/wp-content\/uploads\/2019\/02\/fotoh-8-e1550533747714-360x286.jpg 360w\" sizes=\"auto, (max-width: 680px) 100vw, 680px\" \/><p id=\"caption-attachment-134184\" class=\"wp-caption-text\">Em Angra dos Reis curtindo o ver\u00e3o, os belos Douglas Nathaniel e Laura Messias Finamore<\/p><\/div>\n<div id=\"attachment_134185\" style=\"width: 690px\" class=\"wp-caption aligncenter\"><img loading=\"lazy\" decoding=\"async\" aria-describedby=\"caption-attachment-134185\" class=\"wp-image-134185\" src=\"https:\/\/diarioregionaldigital.com.br\/wp-content\/uploads\/2019\/02\/fotoi-6-e1550533771178.jpg\" alt=\"\" width=\"680\" height=\"519\" srcset=\"https:\/\/diarioregionaldigital.com.br\/wp-content\/uploads\/2019\/02\/fotoi-6-e1550533771178.jpg 1180w, https:\/\/diarioregionaldigital.com.br\/wp-content\/uploads\/2019\/02\/fotoi-6-e1550533771178-300x229.jpg 300w, https:\/\/diarioregionaldigital.com.br\/wp-content\/uploads\/2019\/02\/fotoi-6-e1550533771178-768x586.jpg 768w, https:\/\/diarioregionaldigital.com.br\/wp-content\/uploads\/2019\/02\/fotoi-6-e1550533771178-1024x781.jpg 1024w, https:\/\/diarioregionaldigital.com.br\/wp-content\/uploads\/2019\/02\/fotoi-6-e1550533771178-360x275.jpg 360w\" sizes=\"auto, (max-width: 680px) 100vw, 680px\" \/><p id=\"caption-attachment-134185\" class=\"wp-caption-text\">No Restaurante Pal\u00e1cio, o casal propriet\u00e1rio Lisiane e Henrique Hargreaves, no show do Boca Mi\u00fada<\/p><\/div>\n<div id=\"attachment_134186\" style=\"width: 690px\" class=\"wp-caption aligncenter\"><img loading=\"lazy\" decoding=\"async\" aria-describedby=\"caption-attachment-134186\" class=\"wp-image-134186\" src=\"https:\/\/diarioregionaldigital.com.br\/wp-content\/uploads\/2019\/02\/fotoj-6-e1550533793204.jpg\" alt=\"\" width=\"680\" height=\"557\" srcset=\"https:\/\/diarioregionaldigital.com.br\/wp-content\/uploads\/2019\/02\/fotoj-6-e1550533793204.jpg 860w, https:\/\/diarioregionaldigital.com.br\/wp-content\/uploads\/2019\/02\/fotoj-6-e1550533793204-300x246.jpg 300w, https:\/\/diarioregionaldigital.com.br\/wp-content\/uploads\/2019\/02\/fotoj-6-e1550533793204-768x629.jpg 768w, https:\/\/diarioregionaldigital.com.br\/wp-content\/uploads\/2019\/02\/fotoj-6-e1550533793204-220x180.jpg 220w, https:\/\/diarioregionaldigital.com.br\/wp-content\/uploads\/2019\/02\/fotoj-6-e1550533793204-360x295.jpg 360w\" sizes=\"auto, (max-width: 680px) 100vw, 680px\" \/><p id=\"caption-attachment-134186\" class=\"wp-caption-text\">O formando em Economia pela UFJF, Caique Braga \u00e9 destaque para 2019<\/p><\/div>\n<p style=\"text-align: center;\"><strong>FOTOSS\u00cdNTESE<\/strong><\/p>\n<p>Considerado um excelente maquiador e cabeleireiro de Juiz de Fora e regi\u00e3o, Igor Boscato d\u00e1 expediente no Studio Bardot.<\/p>\n<p>Colocando todas as violetas na janela, a elegante Lucinha Silva esnoba bom gosto em sua loja Veneno. Localizada no Mister Shopping, 2\u00ba piso, mostra roupas e acess\u00f3rios diferenciados.<\/p>\n<p>Procurando o mapa da mina, Marcelo Jardim, depois de interven\u00e7\u00f5es na \u00e1rea de gastronomia, agora envereda para treinamento e gest\u00e3o com sua empresa Maj!. No leque de op\u00e7\u00f5es, coaching executivo, treinamento em lideran\u00e7a comportamental, operacional e gest\u00e3o estrat\u00e9gica de pessoas.<\/p>\n<p>Defendendo a mudan\u00e7a de paradigmas, a Prefeitura de Juiz de Fora resolve congelar gastos por um ano.<\/p>\n<p>Em ritmo de dar no p\u00e9, ser\u00e1 dia 24, na BR-440, Via S\u00e3o Pedro, \u00e0s 08h, a 3\u00aa Corrida de Rua C\u00f4rtes Villela &#8211; Medicina Laboratorial.<\/p>\n<p>Mulheres empoderadas estiveram reunidas no Le Quartier Latin onde a consultora em sa\u00fade e educa\u00e7\u00e3o sexual, Luana Lima, falou sobre intimidade para o Clube da Luluzinha.<\/p>\n<p>Com finesse e refinamento, Ana Elisa Costa recebeu as amigas em sua resid\u00eancia em torno de Let\u00edcia Teixeira. Por l\u00e1, Patr\u00edcia Alvim, Larissa Lessa e Ticiane Ciampi. Os deliciosos acepipes foram de Celinho Vidal (leia-se V\u00f3 Chiquita).<\/p>\n<p>Os talentosos profissionais Dad\u00e1 Rocha (est\u00e9tica) e Lisandro Reis (sobrancelha e maquiagem) agora fazem parte do staff estrelado do Sal\u00e3o MS &#8211; Mega Studio, na Batista de Oliveira, 904. Para marcar o fone \u00e9: 3231-6475.<\/p>\n<p>Para incluir: Saiba que as l\u00e1grimas s\u00e3o as \u00faltimas palavras quando o cora\u00e7\u00e3o perde a voz, ent\u00e3o use isso para o bem ou para o seu bem. Bom dia.<\/p>\n<p><img loading=\"lazy\" decoding=\"async\" class=\"aligncenter size-full wp-image-134190\" src=\"https:\/\/diarioregionaldigital.com.br\/wp-content\/uploads\/2019\/02\/Vitrine_6x20.jpg\" alt=\"\" width=\"3484\" height=\"2362\" srcset=\"https:\/\/diarioregionaldigital.com.br\/wp-content\/uploads\/2019\/02\/Vitrine_6x20.jpg 3484w, https:\/\/diarioregionaldigital.com.br\/wp-content\/uploads\/2019\/02\/Vitrine_6x20-300x203.jpg 300w, https:\/\/diarioregionaldigital.com.br\/wp-content\/uploads\/2019\/02\/Vitrine_6x20-768x521.jpg 768w, https:\/\/diarioregionaldigital.com.br\/wp-content\/uploads\/2019\/02\/Vitrine_6x20-1024x694.jpg 1024w, https:\/\/diarioregionaldigital.com.br\/wp-content\/uploads\/2019\/02\/Vitrine_6x20-360x244.jpg 360w\" sizes=\"auto, (max-width: 3484px) 100vw, 3484px\" \/><\/p>\n","protected":false},"excerpt":{"rendered":"<p>Sai Calor\u00e3o N\u00e3o h\u00e1 como fugir do coment\u00e1rio clich\u00ea, como est\u00e1 calor! O melhor a fazer \u00e9 aproveitar os menos tempor\u00e1rios de ver\u00e3o, lan\u00e7ados para aplicar as altas temperaturas. O Restaurante Pal\u00e1cio serve em seu buffet saladas tropicais, frutos do mar e as cervejas artesanais fazem o maior sucesso. O happy-hour com m\u00fasica ao vivo, [&hellip;]<\/p>\n","protected":false},"author":96,"featured_media":134177,"comment_status":"closed","ping_status":"closed","sticky":false,"template":"","format":"standard","meta":{"footnotes":""},"categories":[264],"tags":[],"class_list":["post-134187","post","type-post","status-publish","format-standard","has-post-thumbnail","hentry","category-eduardo-gomes"],"_links":{"self":[{"href":"https:\/\/diarioregionaldigital.com.br\/index.php?rest_route=\/wp\/v2\/posts\/134187","targetHints":{"allow":["GET"]}}],"collection":[{"href":"https:\/\/diarioregionaldigital.com.br\/index.php?rest_route=\/wp\/v2\/posts"}],"about":[{"href":"https:\/\/diarioregionaldigital.com.br\/index.php?rest_route=\/wp\/v2\/types\/post"}],"author":[{"embeddable":true,"href":"https:\/\/diarioregionaldigital.com.br\/index.php?rest_route=\/wp\/v2\/users\/96"}],"replies":[{"embeddable":true,"href":"https:\/\/diarioregionaldigital.com.br\/index.php?rest_route=%2Fwp%2Fv2%2Fcomments&post=134187"}],"version-history":[{"count":0,"href":"https:\/\/diarioregionaldigital.com.br\/index.php?rest_route=\/wp\/v2\/posts\/134187\/revisions"}],"wp:featuredmedia":[{"embeddable":true,"href":"https:\/\/diarioregionaldigital.com.br\/index.php?rest_route=\/wp\/v2\/media\/134177"}],"wp:attachment":[{"href":"https:\/\/diarioregionaldigital.com.br\/index.php?rest_route=%2Fwp%2Fv2%2Fmedia&parent=134187"}],"wp:term":[{"taxonomy":"category","embeddable":true,"href":"https:\/\/diarioregionaldigital.com.br\/index.php?rest_route=%2Fwp%2Fv2%2Fcategories&post=134187"},{"taxonomy":"post_tag","embeddable":true,"href":"https:\/\/diarioregionaldigital.com.br\/index.php?rest_route=%2Fwp%2Fv2%2Ftags&post=134187"}],"curies":[{"name":"wp","href":"https:\/\/api.w.org\/{rel}","templated":true}]}}