{"id":134172,"date":"2019-02-18T18:29:49","date_gmt":"2019-02-18T21:29:49","guid":{"rendered":"https:\/\/diarioregionaldigital.com.br\/?p=134172"},"modified":"2019-02-18T18:29:49","modified_gmt":"2019-02-18T21:29:49","slug":"agente-penitenciaria-e-presa-por-facilitar-entrada-de-materiais-proibidos-no-ceresp","status":"publish","type":"post","link":"https:\/\/diarioregionaldigital.com.br\/?p=134172","title":{"rendered":"Agente penitenci\u00e1ria \u00e9 presa por facilitar entrada de materiais proibidos no Ceresp"},"content":{"rendered":"<p>No \u00faltimo s\u00e1bado, 16, uma agente penitenci\u00e1ria foi presa em flagrante suspeita de facilitar a entrada da m\u00e3e de um detendo com materiais proibidos no Ceresp, que fica no Bairro Linhares, Zona Leste de Juiz de Fora.<\/p>\n<p>Segundo as informa\u00e7\u00f5es, a m\u00e3e do detento, tamb\u00e9m presa em flagrante, entrou na unidade com dois celulares, dois carregadores, dois inv\u00f3lucros de subst\u00e2ncia semelhante \u00e0 maconha, uma pedra de subst\u00e2ncia semelhante a crack e um pacote de subst\u00e2ncia pastosa n\u00e3o identificada.<\/p>\n<p>Em nota, a Secretaria de Estado de Administra\u00e7\u00e3o Prisional (Seap) informou que &#8220;a dire\u00e7\u00e3o do Ceresp apura a poss\u00edvel coniv\u00eancia de uma agente penitenci\u00e1ria, que j\u00e1 vinha sendo monitorada pelo setor de Intelig\u00eancia da unidade. A agente \u00e9 servidora efetiva desde 2013 e, caso se confirme sua participa\u00e7\u00e3o no ato, ela responder\u00e1 administrativa e criminalmente&#8221;.<\/p>\n<p>Ainda em nota foi comunicado que &#8220;ap\u00f3s o flagrante, a visitante, a agente de seguran\u00e7a\u00a0 penitenci\u00e1ria e o detento destinat\u00e1rio dos materiais il\u00edcitos foram conduzidos \u00e0 autoridade policial, que decidiu pela pris\u00e3o das duas mulheres. Ambas est\u00e3o \u00e0 disposi\u00e7\u00e3o da Justi\u00e7a na Penitenci\u00e1ria Jos\u00e9 Edison Cavaliere&#8221;.<\/p>\n<p>A dire\u00e7\u00e3o-geral do Ceresp instaurou uma investiga\u00e7\u00e3o preliminar para apurar o fato. As investiga\u00e7\u00f5es criminais ficam a cargo da Pol\u00edcia Civil.<\/p>\n<p>&nbsp;<\/p>\n<p>&nbsp;<\/p>\n<p>&nbsp;<\/p>\n","protected":false},"excerpt":{"rendered":"<p>No \u00faltimo s\u00e1bado, 16, uma agente penitenci\u00e1ria foi presa em flagrante suspeita de facilitar a entrada da m\u00e3e de um detendo com materiais proibidos no Ceresp, que fica no Bairro Linhares, Zona Leste de Juiz de Fora. Segundo as informa\u00e7\u00f5es, a m\u00e3e do detento, tamb\u00e9m presa em flagrante, entrou na unidade com dois celulares, dois [&hellip;]<\/p>\n","protected":false},"author":96,"featured_media":134173,"comment_status":"closed","ping_status":"closed","sticky":false,"template":"","format":"standard","meta":{"footnotes":""},"categories":[301,436,440,439],"tags":[],"class_list":["post-134172","post","type-post","status-publish","format-standard","has-post-thumbnail","hentry","category-artigos-policiais","category-destaque-da-semana","category-destaques-do-dia","category-ultima-hora"],"_links":{"self":[{"href":"https:\/\/diarioregionaldigital.com.br\/index.php?rest_route=\/wp\/v2\/posts\/134172","targetHints":{"allow":["GET"]}}],"collection":[{"href":"https:\/\/diarioregionaldigital.com.br\/index.php?rest_route=\/wp\/v2\/posts"}],"about":[{"href":"https:\/\/diarioregionaldigital.com.br\/index.php?rest_route=\/wp\/v2\/types\/post"}],"author":[{"embeddable":true,"href":"https:\/\/diarioregionaldigital.com.br\/index.php?rest_route=\/wp\/v2\/users\/96"}],"replies":[{"embeddable":true,"href":"https:\/\/diarioregionaldigital.com.br\/index.php?rest_route=%2Fwp%2Fv2%2Fcomments&post=134172"}],"version-history":[{"count":0,"href":"https:\/\/diarioregionaldigital.com.br\/index.php?rest_route=\/wp\/v2\/posts\/134172\/revisions"}],"wp:featuredmedia":[{"embeddable":true,"href":"https:\/\/diarioregionaldigital.com.br\/index.php?rest_route=\/wp\/v2\/media\/134173"}],"wp:attachment":[{"href":"https:\/\/diarioregionaldigital.com.br\/index.php?rest_route=%2Fwp%2Fv2%2Fmedia&parent=134172"}],"wp:term":[{"taxonomy":"category","embeddable":true,"href":"https:\/\/diarioregionaldigital.com.br\/index.php?rest_route=%2Fwp%2Fv2%2Fcategories&post=134172"},{"taxonomy":"post_tag","embeddable":true,"href":"https:\/\/diarioregionaldigital.com.br\/index.php?rest_route=%2Fwp%2Fv2%2Ftags&post=134172"}],"curies":[{"name":"wp","href":"https:\/\/api.w.org\/{rel}","templated":true}]}}