{"id":134156,"date":"2019-02-18T16:53:43","date_gmt":"2019-02-18T19:53:43","guid":{"rendered":"https:\/\/diarioregionaldigital.com.br\/?p=134156"},"modified":"2019-02-18T16:53:43","modified_gmt":"2019-02-18T19:53:43","slug":"leiloes-de-concessao-de-aeroportos-renderao-r-35-bi-diz-bolsonaro","status":"publish","type":"post","link":"https:\/\/diarioregionaldigital.com.br\/?p=134156","title":{"rendered":"Leil\u00f5es de concess\u00e3o de aeroportos render\u00e3o R$ 3,5 bi, diz Bolsonaro"},"content":{"rendered":"<p>Na expectativa de concluir at\u00e9 mar\u00e7o os 23 leil\u00f5es de concess\u00e3o de aeroportos, o presidente Jair Bolsonaro destacou nesta segunda-feira, 18, em sua conta no\u00a0<em>Twitter<\/em>, a capta\u00e7\u00e3o de R$ 3,5 bilh\u00f5es em investimentos em 12 terminais, prevista para o pr\u00f3ximo m\u00eas.<\/p>\n<p>\u201cComposto pelos aeroportos de Recife-PE, Macei\u00f3-AL, Aracaju-SE, Juazeiro do Norte -CE, Jo\u00e3o Pessoa, Campina Grande-PB, Vit\u00f3ria-ES e Maca\u00e9-RJ, Cuiab\u00e1 e Sinop, Rondon\u00f3polis e Alta Floresta, todos em Mato Grosso\u201d, explicou o presidente.<\/p>\n<p>A meta faz parte do planejamento de a\u00e7\u00f5es dos 100 primeiros dias de governo,\u00a0divulgado pelo ministro-chefe da Casa Civil, Onyx Lorenzoni, no fim de janeiro.<\/p>\n<h2>Mais empregos<\/h2>\n<p>\u201cTodos os leil\u00f5es dos aeroportos citados est\u00e3o previstos para serem realizados at\u00e9 mar\u00e7o deste ano, conforme an\u00fancio feito pela @ppinvestimentos . Qualidade no servi\u00e7o espec\u00edfico, empregabilidade e economia. Estes s\u00e3o apenas os primeiros passos dentro desta \u00e1rea\u201d, assegurou Bolsonaro.<\/p>\n<p>O ministro da Infraestrutura, Tarc\u00edsio Gomes de Freitas, respons\u00e1vel pela \u00e1rea, j\u00e1 havia anunciado que o processo relativo a 12 terminais ocorreria em 15 de mar\u00e7o. De acordo com os c\u00e1lculos feitos pelo governo, a estimativa \u00e9 arrecadar R$ 6,4 bilh\u00f5es at\u00e9 o fim do ano, considerando a concess\u00e3o de todos os aeroportos.<\/p>\n<p>Al\u00e9m dos terminais aeroportu\u00e1rios, o Minist\u00e9rio da Infraestrutura ainda pretende arrendar mais 10 terminais portu\u00e1rios e a Ferrovia Norte-Sul ainda nos 100 primeiros dias de governo. O valor total estimado em investimentos com essa a\u00e7\u00e3o supera R$ 7 bilh\u00f5es.<\/p>\n<p>Fonte: Ag\u00eancia Brasil<\/p>\n","protected":false},"excerpt":{"rendered":"<p>Na expectativa de concluir at\u00e9 mar\u00e7o os 23 leil\u00f5es de concess\u00e3o de aeroportos, o presidente Jair Bolsonaro destacou nesta segunda-feira, 18, em sua conta no\u00a0Twitter, a capta\u00e7\u00e3o de R$ 3,5 bilh\u00f5es em investimentos em 12 terminais, prevista para o pr\u00f3ximo m\u00eas. \u201cComposto pelos aeroportos de Recife-PE, Macei\u00f3-AL, Aracaju-SE, Juazeiro do Norte -CE, Jo\u00e3o Pessoa, Campina [&hellip;]<\/p>\n","protected":false},"author":96,"featured_media":134157,"comment_status":"closed","ping_status":"closed","sticky":false,"template":"","format":"standard","meta":{"footnotes":""},"categories":[436,254,439],"tags":[],"class_list":["post-134156","post","type-post","status-publish","format-standard","has-post-thumbnail","hentry","category-destaque-da-semana","category-politica","category-ultima-hora"],"_links":{"self":[{"href":"https:\/\/diarioregionaldigital.com.br\/index.php?rest_route=\/wp\/v2\/posts\/134156","targetHints":{"allow":["GET"]}}],"collection":[{"href":"https:\/\/diarioregionaldigital.com.br\/index.php?rest_route=\/wp\/v2\/posts"}],"about":[{"href":"https:\/\/diarioregionaldigital.com.br\/index.php?rest_route=\/wp\/v2\/types\/post"}],"author":[{"embeddable":true,"href":"https:\/\/diarioregionaldigital.com.br\/index.php?rest_route=\/wp\/v2\/users\/96"}],"replies":[{"embeddable":true,"href":"https:\/\/diarioregionaldigital.com.br\/index.php?rest_route=%2Fwp%2Fv2%2Fcomments&post=134156"}],"version-history":[{"count":0,"href":"https:\/\/diarioregionaldigital.com.br\/index.php?rest_route=\/wp\/v2\/posts\/134156\/revisions"}],"wp:featuredmedia":[{"embeddable":true,"href":"https:\/\/diarioregionaldigital.com.br\/index.php?rest_route=\/wp\/v2\/media\/134157"}],"wp:attachment":[{"href":"https:\/\/diarioregionaldigital.com.br\/index.php?rest_route=%2Fwp%2Fv2%2Fmedia&parent=134156"}],"wp:term":[{"taxonomy":"category","embeddable":true,"href":"https:\/\/diarioregionaldigital.com.br\/index.php?rest_route=%2Fwp%2Fv2%2Fcategories&post=134156"},{"taxonomy":"post_tag","embeddable":true,"href":"https:\/\/diarioregionaldigital.com.br\/index.php?rest_route=%2Fwp%2Fv2%2Ftags&post=134156"}],"curies":[{"name":"wp","href":"https:\/\/api.w.org\/{rel}","templated":true}]}}