{"id":134152,"date":"2019-02-18T16:49:59","date_gmt":"2019-02-18T19:49:59","guid":{"rendered":"https:\/\/diarioregionaldigital.com.br\/?p=134152"},"modified":"2019-02-18T16:49:59","modified_gmt":"2019-02-18T19:49:59","slug":"carreta-carregada-com-carvao-tomba-perto-de-santos-dumont","status":"publish","type":"post","link":"https:\/\/diarioregionaldigital.com.br\/?p=134152","title":{"rendered":"Carreta carregada com carv\u00e3o tomba perto de Santos Dumont"},"content":{"rendered":"<p>Um carreta carregada com carv\u00e3o tombou na manh\u00e3 desta segunda-feira, 18, em uma ponte na BR-040, no KM 740, em Santos Dumont. De acordo com as informa\u00e7\u00f5es, o motorista do ve\u00edculo morreu no local do acidente.<\/p>\n<p>Segundo as informa\u00e7\u00f5es da Via 040, concession\u00e1ria que administra o trecho, a carreta seguia sentido Belo Horizonte, quando perdeu o controle e tombou. A carga caiu na margem da pista e no leito do rio. A empresa enviou duas ambul\u00e2ncias para atendimento.<\/p>\n<p>Ainda segundo a concession\u00e1ria, foram enviados dois guinchos, entretanto, pela carreta estar carregada, foi necess\u00e1rio um servi\u00e7o especializado que foi contratado pela transportadora para retirar o ve\u00edculo com aux\u00edlio de guindaste.<\/p>\n<p>A rodovia segue sem interdi\u00e7\u00e3o e com fluxo de ve\u00edculos.<\/p>\n<div id=\"attachment_134154\" style=\"width: 492px\" class=\"wp-caption aligncenter\"><img loading=\"lazy\" decoding=\"async\" aria-describedby=\"caption-attachment-134154\" class=\" wp-image-134154\" src=\"https:\/\/diarioregionaldigital.com.br\/wp-content\/uploads\/2019\/02\/52779912_544896806022401_690756751242297344_n-300x168.jpg\" alt=\"\" width=\"482\" height=\"270\" srcset=\"https:\/\/diarioregionaldigital.com.br\/wp-content\/uploads\/2019\/02\/52779912_544896806022401_690756751242297344_n-300x168.jpg 300w, https:\/\/diarioregionaldigital.com.br\/wp-content\/uploads\/2019\/02\/52779912_544896806022401_690756751242297344_n-768x431.jpg 768w, https:\/\/diarioregionaldigital.com.br\/wp-content\/uploads\/2019\/02\/52779912_544896806022401_690756751242297344_n.jpg 1024w, https:\/\/diarioregionaldigital.com.br\/wp-content\/uploads\/2019\/02\/52779912_544896806022401_690756751242297344_n-360x202.jpg 360w\" sizes=\"auto, (max-width: 482px) 100vw, 482px\" \/><p id=\"caption-attachment-134154\" class=\"wp-caption-text\">Foto: Divulga\u00e7\u00e3o Via 040<\/p><\/div>\n","protected":false},"excerpt":{"rendered":"<p>Um carreta carregada com carv\u00e3o tombou na manh\u00e3 desta segunda-feira, 18, em uma ponte na BR-040, no KM 740, em Santos Dumont. De acordo com as informa\u00e7\u00f5es, o motorista do ve\u00edculo morreu no local do acidente. Segundo as informa\u00e7\u00f5es da Via 040, concession\u00e1ria que administra o trecho, a carreta seguia sentido Belo Horizonte, quando perdeu [&hellip;]<\/p>\n","protected":false},"author":96,"featured_media":134153,"comment_status":"closed","ping_status":"closed","sticky":false,"template":"","format":"standard","meta":{"footnotes":""},"categories":[436,440,252,439],"tags":[],"class_list":["post-134152","post","type-post","status-publish","format-standard","has-post-thumbnail","hentry","category-destaque-da-semana","category-destaques-do-dia","category-regiao","category-ultima-hora"],"_links":{"self":[{"href":"https:\/\/diarioregionaldigital.com.br\/index.php?rest_route=\/wp\/v2\/posts\/134152","targetHints":{"allow":["GET"]}}],"collection":[{"href":"https:\/\/diarioregionaldigital.com.br\/index.php?rest_route=\/wp\/v2\/posts"}],"about":[{"href":"https:\/\/diarioregionaldigital.com.br\/index.php?rest_route=\/wp\/v2\/types\/post"}],"author":[{"embeddable":true,"href":"https:\/\/diarioregionaldigital.com.br\/index.php?rest_route=\/wp\/v2\/users\/96"}],"replies":[{"embeddable":true,"href":"https:\/\/diarioregionaldigital.com.br\/index.php?rest_route=%2Fwp%2Fv2%2Fcomments&post=134152"}],"version-history":[{"count":0,"href":"https:\/\/diarioregionaldigital.com.br\/index.php?rest_route=\/wp\/v2\/posts\/134152\/revisions"}],"wp:featuredmedia":[{"embeddable":true,"href":"https:\/\/diarioregionaldigital.com.br\/index.php?rest_route=\/wp\/v2\/media\/134153"}],"wp:attachment":[{"href":"https:\/\/diarioregionaldigital.com.br\/index.php?rest_route=%2Fwp%2Fv2%2Fmedia&parent=134152"}],"wp:term":[{"taxonomy":"category","embeddable":true,"href":"https:\/\/diarioregionaldigital.com.br\/index.php?rest_route=%2Fwp%2Fv2%2Fcategories&post=134152"},{"taxonomy":"post_tag","embeddable":true,"href":"https:\/\/diarioregionaldigital.com.br\/index.php?rest_route=%2Fwp%2Fv2%2Ftags&post=134152"}],"curies":[{"name":"wp","href":"https:\/\/api.w.org\/{rel}","templated":true}]}}