{"id":134145,"date":"2019-02-16T17:03:42","date_gmt":"2019-02-16T19:03:42","guid":{"rendered":"https:\/\/diarioregionaldigital.com.br\/?p=134145"},"modified":"2019-02-16T17:03:42","modified_gmt":"2019-02-16T19:03:42","slug":"flamengo-indenizacoes-devem-ser-definidas-na-proxima-semana","status":"publish","type":"post","link":"https:\/\/diarioregionaldigital.com.br\/?p=134145","title":{"rendered":"Flamengo: indeniza\u00e7\u00f5es devem ser definidas na pr\u00f3xima semana"},"content":{"rendered":"<p>Os valores que dever\u00e3o ser pagos, a t\u00edtulo de indeniza\u00e7\u00e3o, \u00e0s fam\u00edlias dos 10 atletas mortos e tamb\u00e9m aos que ficaram feridos no inc\u00eandio do alojamento do Centro de Treinamento do Flamengo, conhecido como Ninho do Urubu, dever\u00e3o ser definidos at\u00e9 a pr\u00f3xima semana. A informa\u00e7\u00e3o foi dada pela defensora p\u00fablica Paloma Ara\u00fajo Lamego, que participou, nessa sexta-feira, 15, no Minist\u00e9rio P\u00fablico (MP), de reuni\u00e3o da for\u00e7a-tarefa criada para resolver o problema e definir medidas a serem tomadas. O inc\u00eandio foi na sexta-feira passada, 8.<\/p>\n<div class=\"dnd-widget-wrapper context-cheio_8colunas type-image\">\n<div class=\"dnd-atom-rendered\">\n<p>\u201cA atua\u00e7\u00e3o da Defensoria P\u00fablica diz respeito \u00e0 indeniza\u00e7\u00e3o das fam\u00edlias das v\u00edtimas. Com rela\u00e7\u00e3o ao acordo, a gente j\u00e1 tem v\u00e1rias cl\u00e1usulas, j\u00e1 consegue ter a maior parte do acordo proposto. N\u00f3s teremos uma nova reuni\u00e3o na segunda-feira, 18. E acreditamos que, ainda no in\u00edcio da semana, se tenha o acordo fechado\u201d, disse Paloma.<\/p>\n<p>Ela informou que a Defensoria se prop\u00f5e a assessorar as fam\u00edlias, inclusive as que moram em outros estados, para fazer o atendimento e os acordos individuais, pois cada caso ter\u00e1 um valor calculado, dependendo de par\u00e2metros a serem estabelecidos, que levar\u00e3o em conta a carreira que o atleta poderia ter exercido ao longo dos anos e os valores salariais que ele poderia receber como profissional.<\/p>\n<p>\u201cExiste um acordo geral, e depois a gente faz os acordos para cada situa\u00e7\u00e3o. Os valores ainda n\u00e3o est\u00e3o fixados. A gente criou par\u00e2metros de indeniza\u00e7\u00f5es. A ideia \u00e9 que, na segunda-feira, chegue-se a um acordo dos valores m\u00ednimos. A carreira do atleta \u00e9 considerada no estabelecimento do acordo\u201d, disse a defensora.<\/p>\n<p>Segundo Paloma, quem aderir ao acordo n\u00e3o poder\u00e1, futuramente, processar o Flamengo. \u201cO acordo \u00e9 uma resolu\u00e7\u00e3o que inibe a postura de outras demandas sobre os mesmos temas.\u201d<\/p>\n<\/div>\n<\/div>\n","protected":false},"excerpt":{"rendered":"<p>Os valores que dever\u00e3o ser pagos, a t\u00edtulo de indeniza\u00e7\u00e3o, \u00e0s fam\u00edlias dos 10 atletas mortos e tamb\u00e9m aos que ficaram feridos no inc\u00eandio do alojamento do Centro de Treinamento do Flamengo, conhecido como Ninho do Urubu, dever\u00e3o ser definidos at\u00e9 a pr\u00f3xima semana. A informa\u00e7\u00e3o foi dada pela defensora p\u00fablica Paloma Ara\u00fajo Lamego, que [&hellip;]<\/p>\n","protected":false},"author":96,"featured_media":134146,"comment_status":"closed","ping_status":"closed","sticky":false,"template":"","format":"standard","meta":{"footnotes":""},"categories":[302,436,439],"tags":[],"class_list":["post-134145","post","type-post","status-publish","format-standard","has-post-thumbnail","hentry","category-brasil-mundo","category-destaque-da-semana","category-ultima-hora"],"_links":{"self":[{"href":"https:\/\/diarioregionaldigital.com.br\/index.php?rest_route=\/wp\/v2\/posts\/134145","targetHints":{"allow":["GET"]}}],"collection":[{"href":"https:\/\/diarioregionaldigital.com.br\/index.php?rest_route=\/wp\/v2\/posts"}],"about":[{"href":"https:\/\/diarioregionaldigital.com.br\/index.php?rest_route=\/wp\/v2\/types\/post"}],"author":[{"embeddable":true,"href":"https:\/\/diarioregionaldigital.com.br\/index.php?rest_route=\/wp\/v2\/users\/96"}],"replies":[{"embeddable":true,"href":"https:\/\/diarioregionaldigital.com.br\/index.php?rest_route=%2Fwp%2Fv2%2Fcomments&post=134145"}],"version-history":[{"count":0,"href":"https:\/\/diarioregionaldigital.com.br\/index.php?rest_route=\/wp\/v2\/posts\/134145\/revisions"}],"wp:featuredmedia":[{"embeddable":true,"href":"https:\/\/diarioregionaldigital.com.br\/index.php?rest_route=\/wp\/v2\/media\/134146"}],"wp:attachment":[{"href":"https:\/\/diarioregionaldigital.com.br\/index.php?rest_route=%2Fwp%2Fv2%2Fmedia&parent=134145"}],"wp:term":[{"taxonomy":"category","embeddable":true,"href":"https:\/\/diarioregionaldigital.com.br\/index.php?rest_route=%2Fwp%2Fv2%2Fcategories&post=134145"},{"taxonomy":"post_tag","embeddable":true,"href":"https:\/\/diarioregionaldigital.com.br\/index.php?rest_route=%2Fwp%2Fv2%2Ftags&post=134145"}],"curies":[{"name":"wp","href":"https:\/\/api.w.org\/{rel}","templated":true}]}}