{"id":134143,"date":"2019-02-16T12:00:57","date_gmt":"2019-02-16T14:00:57","guid":{"rendered":"https:\/\/diarioregionaldigital.com.br\/?p=134143"},"modified":"2019-02-16T16:59:12","modified_gmt":"2019-02-16T18:59:12","slug":"governo-destina-r62-milhoes-para-o-turismo-em-brumadinho","status":"publish","type":"post","link":"https:\/\/diarioregionaldigital.com.br\/?p=134143","title":{"rendered":"Governo destina R$62 milh\u00f5es para o turismo em Brumadinho"},"content":{"rendered":"<p>Mais de sete mil empres\u00e1rios de Brumadinho (MG) receber\u00e3o parte dos R$ 62 milh\u00f5es anunciados neste s\u00e1bado, 16, pelo governo para tentar reativar a atividade econ\u00f4mica local.<\/p>\n<p>No dia 25 de janeiro, o rompimento da barragem da mineradora Vale, na Mina do Feij\u00e3o, causou a morte de 166 pessoas e o desaparecimento de 144.<\/p>\n<p>O munic\u00edpio, que sedia o maior museu ao ar livre da Am\u00e9rica Latina \u2013 o Instituto Inhotim \u2013, tem na atividade tur\u00edstica uma importante fonte de renda.<\/p>\n<p>O dinheiro do Fundo Geral de Turismo (Fungetur) ser\u00e1 direcionado ao Banco de Desenvolvimento de Minas Gerais \u2013 BDMG &#8211; para depois ser disponibilizado para os prestadores de servi\u00e7os tur\u00edsticos cadastrados regularmente no Cadastur, o cadastro nacional do setor, em toda a regi\u00e3o.<\/p>\n<div class=\"dnd-atom-rendered\">\n<div style=\"width: 764px\" class=\"wp-caption aligncenter\"><img loading=\"lazy\" decoding=\"async\" src=\"http:\/\/imagens.ebc.com.br\/yleaWQAxdgmEHkxVAQERCv1wXcY=\/754x0\/smart\/http:\/\/agenciabrasil.ebc.com.br\/sites\/default\/files\/thumbnails\/image\/vac_abr_2811187791.jpg?itok=wmsQL8yP\" alt=\"O futuro ministro do Turismo no governo de Jair Bolsonaro, deputado federal Marcelo \u00c3\u0081lvaro Ant\u00c3\u00b4nio, fala \u00c3\u00a0 imprensa, no CCBB.\" width=\"754\" height=\"503\" \/><p class=\"wp-caption-text\">Ministro do Turismo, Marcelo \u00c1lvaro Ant\u00f4nio anunciou R$ 62 milh\u00f5es para dinamizar o turismo em Brumadinho (Valter Campanato\/Ag\u00eancia Brasil)<\/p><\/div>\n<\/div>\n<div>\n<p>\u201cPrecisamos agir agora e evitar que as circunst\u00e2ncias aprofundem ainda mais as feridas dessa trag\u00e9dia. O turismo vai devolver esperan\u00e7a \u00e0 cidade\u201d, explicou o ministro do Turismo, Marcelo \u00c1lvaro Ant\u00f4nio.<\/p>\n<h2>Turismo pode ser fonte de receita<\/h2>\n<p>Ele, que acompanha neste s\u00e1bado, 16, opera\u00e7\u00f5es de busca e avalia\u00e7\u00e3o geot\u00e9cnica no local, disse que o turismo pode ser uma fonte de receita e gera\u00e7\u00e3o de empregos locais, reduzindo a depend\u00eancia econ\u00f4mica regional do setor de minera\u00e7\u00e3o.<\/p>\n<p>Segundo o ministro, o setor pode ser fundamental para v\u00e1rias cidades reverterem situa\u00e7\u00f5es de profunda crise.<\/p>\n<p>O dinheiro ser\u00e1 disponibilizado com condi\u00e7\u00f5es especiais, com prazos maiores e menores encargos, tendo como principal alvo microempresas que atuam com hospedagem, ag\u00eancias de viagem, locadoras de ve\u00edculos e transportadoras tur\u00edsticas.<\/p>\n<p>As informa\u00e7\u00f5es s\u00e3o da assessoria de imprensa do Minist\u00e9rio do Turismo.<\/p>\n<\/div>\n<p>Fonte: Ag\u00eancia Brasil<\/p>\n","protected":false},"excerpt":{"rendered":"<p>Mais de sete mil empres\u00e1rios de Brumadinho (MG) receber\u00e3o parte dos R$ 62 milh\u00f5es anunciados neste s\u00e1bado, 16, pelo governo para tentar reativar a atividade econ\u00f4mica local. No dia 25 de janeiro, o rompimento da barragem da mineradora Vale, na Mina do Feij\u00e3o, causou a morte de 166 pessoas e o desaparecimento de 144. O [&hellip;]<\/p>\n","protected":false},"author":96,"featured_media":132967,"comment_status":"closed","ping_status":"closed","sticky":false,"template":"","format":"standard","meta":{"footnotes":""},"categories":[436,440,252,439],"tags":[],"class_list":["post-134143","post","type-post","status-publish","format-standard","has-post-thumbnail","hentry","category-destaque-da-semana","category-destaques-do-dia","category-regiao","category-ultima-hora"],"_links":{"self":[{"href":"https:\/\/diarioregionaldigital.com.br\/index.php?rest_route=\/wp\/v2\/posts\/134143","targetHints":{"allow":["GET"]}}],"collection":[{"href":"https:\/\/diarioregionaldigital.com.br\/index.php?rest_route=\/wp\/v2\/posts"}],"about":[{"href":"https:\/\/diarioregionaldigital.com.br\/index.php?rest_route=\/wp\/v2\/types\/post"}],"author":[{"embeddable":true,"href":"https:\/\/diarioregionaldigital.com.br\/index.php?rest_route=\/wp\/v2\/users\/96"}],"replies":[{"embeddable":true,"href":"https:\/\/diarioregionaldigital.com.br\/index.php?rest_route=%2Fwp%2Fv2%2Fcomments&post=134143"}],"version-history":[{"count":0,"href":"https:\/\/diarioregionaldigital.com.br\/index.php?rest_route=\/wp\/v2\/posts\/134143\/revisions"}],"wp:featuredmedia":[{"embeddable":true,"href":"https:\/\/diarioregionaldigital.com.br\/index.php?rest_route=\/wp\/v2\/media\/132967"}],"wp:attachment":[{"href":"https:\/\/diarioregionaldigital.com.br\/index.php?rest_route=%2Fwp%2Fv2%2Fmedia&parent=134143"}],"wp:term":[{"taxonomy":"category","embeddable":true,"href":"https:\/\/diarioregionaldigital.com.br\/index.php?rest_route=%2Fwp%2Fv2%2Fcategories&post=134143"},{"taxonomy":"post_tag","embeddable":true,"href":"https:\/\/diarioregionaldigital.com.br\/index.php?rest_route=%2Fwp%2Fv2%2Ftags&post=134143"}],"curies":[{"name":"wp","href":"https:\/\/api.w.org\/{rel}","templated":true}]}}