{"id":134137,"date":"2019-02-16T16:14:04","date_gmt":"2019-02-16T18:14:04","guid":{"rendered":"https:\/\/diarioregionaldigital.com.br\/?p=134137"},"modified":"2019-02-16T16:14:04","modified_gmt":"2019-02-16T18:14:04","slug":"estado-reforca-importancia-da-vacinacao-contra-a-febre-amarela","status":"publish","type":"post","link":"https:\/\/diarioregionaldigital.com.br\/?p=134137","title":{"rendered":"Estado refor\u00e7a import\u00e2ncia da vacina\u00e7\u00e3o contra a febre amarela"},"content":{"rendered":"<p>A vacina contra a febre amarela faz parte do calend\u00e1rio rotineiro de vacina\u00e7\u00e3o de Minas Gerais desde 2008, sendo recomendada para todos que residem ou est\u00e3o se deslocando para o estado. Mesmo ficando dispon\u00edvel nos postos de sa\u00fade durante todo o ano, cerca de 2,7 milh\u00f5es de mineiros ainda n\u00e3o se vacinaram contra a doen\u00e7a. A meta definida pelo Minist\u00e9rio da Sa\u00fade para cobertura vacinal da doen\u00e7a \u00e9 de 95%; em Minas a cobertura total est\u00e1 92,71%.<\/p>\n<p>A diretora de Vigil\u00e2ncia Epidemiol\u00f3gica da\u00a0Secretaria de Estado de Sa\u00fade (SES), Janaina Fonseca Almeida, explica que quem vai viajar para o estado deve estar vacinado contra a febre amarela, porque o vetor da doen\u00e7a est\u00e1 presente no nosso ambiente, circulando com o v\u00edrus e, sendo assim, as pessoas que n\u00e3o tenham se vacinado, estar\u00e3o expostas.<\/p>\n<p>\u201cCom a proximidade das festas de Carnaval, \u00e9poca em que o estado e a capital recebem um grande n\u00famero de foli\u00f5es vindos de todas as partes, a preocupa\u00e7\u00e3o se volta tamb\u00e9m para essas pessoas. Os turistas que est\u00e3o se preparando para viajar para o estado devem se lembrar de vacinar. A orienta\u00e7\u00e3o \u00e9 tomar a dose pelo menos 10 dias antes da viagem\u201d, explica Jana\u00edna.<\/p>\n<p>A vacina \u00e9 recomendada a partir dos 9 meses de idade. Gestantes e idosos acima dos 59 anos devem ser avaliados por uma equipe de sa\u00fade em rela\u00e7\u00e3o ao benef\u00edcio e risco da vacina\u00e7\u00e3o, levando em conta o risco de eventos adversos.<\/p>\n<p>Seguindo orienta\u00e7\u00f5es da Organiza\u00e7\u00e3o Mundial da Sa\u00fade (OMS), o Minist\u00e9rio da Sa\u00fade adotou os padr\u00f5es internacionais da dose \u00fanica. Ou seja: quem tomou 1 (uma) dose da vacina da febre amarela em qualquer fase da vida est\u00e1 imunizado pelo resto da vida, e n\u00e3o precisam do refor\u00e7o.<\/p>\n<p>Para as pessoas que n\u00e3o tenham o cart\u00e3o de vacina\u00e7\u00e3o e n\u00e3o sabem se s\u00e3o vacinadas, recomenda-se procurar a Unidade B\u00e1sica de Sa\u00fade (UBS) para fazer um novo Cart\u00e3o de Vacina pelo SUS, e assim, se vacinar normalmente.<\/p>\n<p><strong>Cen\u00e1rio da doen\u00e7a em Minas<\/strong><\/p>\n<p>No per\u00edodo de monitoramento 2018\/2019 at\u00e9 a presente data, n\u00e3o foram registrados casos humanos confirmados de febre amarela silvestre no estado de Minas Gerais.<\/p>\n<p>Desde o in\u00edcio das notifica\u00e7\u00f5es dos casos suspeitos de febre amarela silvestre que ocorreram no Estado, no final de 2016, foram adotadas diversas a\u00e7\u00f5es, entre elas a realiza\u00e7\u00e3o da vacina\u00e7\u00e3o casa a casa, nas regi\u00f5es mais afetadas, na tentativa de alcan\u00e7ar a popula\u00e7\u00e3o n\u00e3o vacinada. Essa e outras estrat\u00e9gias, realizadas pelo Estado e munic\u00edpios, elevaram a cobertura vacinal acumulada geral de 57,5%, no per\u00edodo de 2007 a 2016, para 92,7%, atualmente.<\/p>\n<p>O per\u00edodo compreendido entre dezembro e maio \u00e9 caracter\u00edstico por apresentar um aumento nos \u00edndices de chuva e, consequentemente, na prolifera\u00e7\u00e3o do vetor de transmiss\u00e3o da febre amarela silvestre, o Haemagogus e o Sabethes. Como nesse cen\u00e1rio a probabilidade da ocorr\u00eancia de casos \u00e9 maior, a vacina continua sendo a melhor forma de preven\u00e7\u00e3o.<\/p>\n<div class=\"clear col-md-10 col-md-offset-1 \">\n<p>Mais detalhes sobre a Febre Amarela voc\u00ea encontra <a href=\"http:\/\/www.saude.mg.gov.br\/febreamarela.\">aqui<\/a>.<\/p>\n<\/div>\n<p>Fonte: Ag\u00eancia Minas<\/p>\n","protected":false},"excerpt":{"rendered":"<p>A vacina contra a febre amarela faz parte do calend\u00e1rio rotineiro de vacina\u00e7\u00e3o de Minas Gerais desde 2008, sendo recomendada para todos que residem ou est\u00e3o se deslocando para o estado. Mesmo ficando dispon\u00edvel nos postos de sa\u00fade durante todo o ano, cerca de 2,7 milh\u00f5es de mineiros ainda n\u00e3o se vacinaram contra a doen\u00e7a. [&hellip;]<\/p>\n","protected":false},"author":96,"featured_media":134139,"comment_status":"closed","ping_status":"closed","sticky":false,"template":"","format":"standard","meta":{"footnotes":""},"categories":[436,252,439],"tags":[],"class_list":["post-134137","post","type-post","status-publish","format-standard","has-post-thumbnail","hentry","category-destaque-da-semana","category-regiao","category-ultima-hora"],"_links":{"self":[{"href":"https:\/\/diarioregionaldigital.com.br\/index.php?rest_route=\/wp\/v2\/posts\/134137","targetHints":{"allow":["GET"]}}],"collection":[{"href":"https:\/\/diarioregionaldigital.com.br\/index.php?rest_route=\/wp\/v2\/posts"}],"about":[{"href":"https:\/\/diarioregionaldigital.com.br\/index.php?rest_route=\/wp\/v2\/types\/post"}],"author":[{"embeddable":true,"href":"https:\/\/diarioregionaldigital.com.br\/index.php?rest_route=\/wp\/v2\/users\/96"}],"replies":[{"embeddable":true,"href":"https:\/\/diarioregionaldigital.com.br\/index.php?rest_route=%2Fwp%2Fv2%2Fcomments&post=134137"}],"version-history":[{"count":0,"href":"https:\/\/diarioregionaldigital.com.br\/index.php?rest_route=\/wp\/v2\/posts\/134137\/revisions"}],"wp:featuredmedia":[{"embeddable":true,"href":"https:\/\/diarioregionaldigital.com.br\/index.php?rest_route=\/wp\/v2\/media\/134139"}],"wp:attachment":[{"href":"https:\/\/diarioregionaldigital.com.br\/index.php?rest_route=%2Fwp%2Fv2%2Fmedia&parent=134137"}],"wp:term":[{"taxonomy":"category","embeddable":true,"href":"https:\/\/diarioregionaldigital.com.br\/index.php?rest_route=%2Fwp%2Fv2%2Fcategories&post=134137"},{"taxonomy":"post_tag","embeddable":true,"href":"https:\/\/diarioregionaldigital.com.br\/index.php?rest_route=%2Fwp%2Fv2%2Ftags&post=134137"}],"curies":[{"name":"wp","href":"https:\/\/api.w.org\/{rel}","templated":true}]}}