{"id":134133,"date":"2019-02-16T14:06:00","date_gmt":"2019-02-16T16:06:00","guid":{"rendered":"https:\/\/diarioregionaldigital.com.br\/?p=134133"},"modified":"2019-02-16T14:06:00","modified_gmt":"2019-02-16T16:06:00","slug":"stf-mantem-decisao-contra-libertacao-de-condenado-em-segunda-instancia","status":"publish","type":"post","link":"https:\/\/diarioregionaldigital.com.br\/?p=134133","title":{"rendered":"STF mant\u00e9m decis\u00e3o contra liberta\u00e7\u00e3o de condenado em segunda inst\u00e2ncia"},"content":{"rendered":"<p>A Segunda Turma do Supremo Tribunal Federal (STF) manteve nessa sexta-feira, 15, decis\u00e3o individual do ministro Gilmar Mendes que negou a liberta\u00e7\u00e3o de todas as pessoas presas ap\u00f3s condena\u00e7\u00e3o em segunda inst\u00e2ncia da Justi\u00e7a. A decis\u00e3o foi proferida pelo plen\u00e1rio virtual, modalidade de julgamento\u00a0<em>online<\/em>\u00a0feita pelos ministros para julgar quest\u00f5es que tratam de temas com jurisprud\u00eancia j\u00e1 consolidada.<\/p>\n<p>Gilmar Mendes proferiu a decis\u00e3o em mar\u00e7o do ano passado. Apesar de defender publicamente a revis\u00e3o do entendimento atual do STF, que permite a pris\u00e3o imediata de pessoas condenadas em segunda inst\u00e2ncia, o ministro n\u00e3o aceitou o argumento da Associa\u00e7\u00e3o dos Advogados do Estado do Cear\u00e1 (AACE), que protocolou a a\u00e7\u00e3o, \u00a0e considerou que a medida n\u00e3o poderia ser coletiva.<\/p>\n<p>O ministro considerou impratic\u00e1vel a pretens\u00e3o do\u00a0<em>habeas corpus.<\/em>\u00a0\u201cPosta a quest\u00e3o nesses termos, v\u00ea-se que a pretens\u00e3o dos impetrantes, assim gen\u00e9rica, \u00e9, em si mesma, jur\u00eddica e faticamente imposs\u00edvel, n\u00e3o podendo ser acolhida, haja vista a necess\u00e1ria an\u00e1lise da quest\u00e3o em cada caso concreto\u201d, disse o ministro. \u201cSeria temer\u00e1ria a concess\u00e3o da ordem, uma vez que geraria uma potencial quebra de normalidade institucional.\u201d<\/p>\n<p>No dia\u00a010 de abril, o STF deve voltar a julgar a quest\u00e3o da pris\u00e3o em\u00a0segunda\u00a0inst\u00e2ncia. Ser\u00e3o julgadas tr\u00eas a\u00e7\u00f5es declarat\u00f3rias de constitucionalidade (ADCs) que tratam do cumprimento imediato de pena ap\u00f3s a confirma\u00e7\u00e3o de condena\u00e7\u00e3o em julgamento pela\u00a0segunda\u00a0inst\u00e2ncia da Justi\u00e7a. O relator \u00e9 o ministro Marco Aur\u00e9lio, que j\u00e1 cobrou diversas vezes o debate em plen\u00e1rio.<\/p>\n<p>O tema pode ter impacto sobre a situa\u00e7\u00e3o de milhares de presos pelo pa\u00eds, entre eles, o ex-presidente Luiz In\u00e1cio Lula da Silva, preso desde\u00a07 de abril\u00a0do ano passado, na Superintend\u00eancia da Pol\u00edcia Federal em Curitiba, ap\u00f3s\u00a0ter\u00a0sua condena\u00e7\u00e3o por corrup\u00e7\u00e3o e lavagem de dinheiro confirmada pelo Tribunal Regional Federal da 4\u00aa Regi\u00e3o (TRF4), no caso do tr\u00edplex do Guaruj\u00e1 (SP).<\/p>\n<p>Fonte: Ag\u00eancia Brasil<\/p>\n","protected":false},"excerpt":{"rendered":"<p>A Segunda Turma do Supremo Tribunal Federal (STF) manteve nessa sexta-feira, 15, decis\u00e3o individual do ministro Gilmar Mendes que negou a liberta\u00e7\u00e3o de todas as pessoas presas ap\u00f3s condena\u00e7\u00e3o em segunda inst\u00e2ncia da Justi\u00e7a. A decis\u00e3o foi proferida pelo plen\u00e1rio virtual, modalidade de julgamento\u00a0online\u00a0feita pelos ministros para julgar quest\u00f5es que tratam de temas com jurisprud\u00eancia [&hellip;]<\/p>\n","protected":false},"author":96,"featured_media":133525,"comment_status":"closed","ping_status":"closed","sticky":false,"template":"","format":"standard","meta":{"footnotes":""},"categories":[436,254,439],"tags":[],"class_list":["post-134133","post","type-post","status-publish","format-standard","has-post-thumbnail","hentry","category-destaque-da-semana","category-politica","category-ultima-hora"],"_links":{"self":[{"href":"https:\/\/diarioregionaldigital.com.br\/index.php?rest_route=\/wp\/v2\/posts\/134133","targetHints":{"allow":["GET"]}}],"collection":[{"href":"https:\/\/diarioregionaldigital.com.br\/index.php?rest_route=\/wp\/v2\/posts"}],"about":[{"href":"https:\/\/diarioregionaldigital.com.br\/index.php?rest_route=\/wp\/v2\/types\/post"}],"author":[{"embeddable":true,"href":"https:\/\/diarioregionaldigital.com.br\/index.php?rest_route=\/wp\/v2\/users\/96"}],"replies":[{"embeddable":true,"href":"https:\/\/diarioregionaldigital.com.br\/index.php?rest_route=%2Fwp%2Fv2%2Fcomments&post=134133"}],"version-history":[{"count":0,"href":"https:\/\/diarioregionaldigital.com.br\/index.php?rest_route=\/wp\/v2\/posts\/134133\/revisions"}],"wp:featuredmedia":[{"embeddable":true,"href":"https:\/\/diarioregionaldigital.com.br\/index.php?rest_route=\/wp\/v2\/media\/133525"}],"wp:attachment":[{"href":"https:\/\/diarioregionaldigital.com.br\/index.php?rest_route=%2Fwp%2Fv2%2Fmedia&parent=134133"}],"wp:term":[{"taxonomy":"category","embeddable":true,"href":"https:\/\/diarioregionaldigital.com.br\/index.php?rest_route=%2Fwp%2Fv2%2Fcategories&post=134133"},{"taxonomy":"post_tag","embeddable":true,"href":"https:\/\/diarioregionaldigital.com.br\/index.php?rest_route=%2Fwp%2Fv2%2Ftags&post=134133"}],"curies":[{"name":"wp","href":"https:\/\/api.w.org\/{rel}","templated":true}]}}