{"id":134107,"date":"2019-02-16T12:36:23","date_gmt":"2019-02-16T14:36:23","guid":{"rendered":"https:\/\/diarioregionaldigital.com.br\/?p=134107"},"modified":"2019-02-16T16:57:20","modified_gmt":"2019-02-16T18:57:20","slug":"projeto-de-lei-anticrime-sera-apresentado-na-terca-feira-ao-congresso","status":"publish","type":"post","link":"https:\/\/diarioregionaldigital.com.br\/?p=134107","title":{"rendered":"Projeto de lei Anticrime ser\u00e1 apresentado na ter\u00e7a-feira ao Congresso"},"content":{"rendered":"<p>O presidente Jair Bolsonaro disse hoje, 16, em sua conta no Twitter, que o governo apresentar\u00e1 o projeto de lei Anticrime ao Congresso Nacional na ter\u00e7a-feira (19). \u201cNa pr\u00f3xima ter\u00e7a-feira apresentaremos projeto de lei Anticrime ao Congresso. Elaborado pelo ministro Sergio Moro, o mesmo visa endurecer as penas contra assassinos, l\u00edderes de gangues e corruptos\u201d, escreveu na rede social.<\/p>\n<p>Na quinta-feira (14), o ministro da Justi\u00e7a e Seguran\u00e7a P\u00fablica, Sergio Moro,\u00a0defendeu mais rigor na puni\u00e7\u00e3o do condenado por crime de homic\u00eddio\u00a0ao participar, em Bras\u00edlia, de evento organizado pela Escola Nacional de Forma\u00e7\u00e3o e Aperfei\u00e7oamento de Magistrados (Enfam).<\/p>\n<p>&#8220;A redu\u00e7\u00e3o da taxa de homic\u00eddios passa por ado\u00e7\u00e3o de politicas p\u00fablicas complexas. Muitas delas envolvem medidas puramente executivas, como melhorar as investiga\u00e7\u00f5es [policiais] e restaura\u00e7\u00e3o de \u00e1reas urban\u00edsticas degradadas. Mas um fator fundamental \u00e9, sim, retirar o criminoso homicida de circula\u00e7\u00e3o&#8221;.<\/p>\n<p>O projeto prop\u00f5e mudan\u00e7as em v\u00e1rios pontos da legisla\u00e7\u00e3o a fim de endurecer o combate a crimes violentos, como o homic\u00eddio e o latroc\u00ednio, e tamb\u00e9m contra a corrup\u00e7\u00e3o e as organiza\u00e7\u00f5es criminosas. &#8220;Para isso [implementa\u00e7\u00e3o da lei], precisamos ter um tribunal mais efetivo. Um tribunal que n\u00e3o leve dez, 20 anos, para condenar algu\u00e9m que cometa um homic\u00eddio, por exemplo&#8221;, afirmou Moro.<\/p>\n<p>O ministro disse que um dos objetivos do projeto de lei \u00e9 tirar das ruas os criminosos reincidentes ou comprovadamente membros de fac\u00e7\u00f5es criminosas.<\/p>\n<p>&#8220;N\u00e3o estamos querendo que o autor de pequenos crimes, mesmo que reincidente, permane\u00e7a na pris\u00e3o. N\u00e3o se trata de endurecer as penas para os ladr\u00f5es de ma\u00e7\u00e3 ou de chocolate, mesmo que reincidentes. Estamos falando de crimes violentos e de criminosos perigosos&#8221;, disse o ministro, pouco antes de reconhecer a baixa resolu\u00e7\u00e3o de crimes.<\/p>\n<p>Quanto ao crime organizado, Moro defendeu que as lideran\u00e7as das fac\u00e7\u00f5es, quando presos e condenados, cumpram a pena inicialmente em regime fechado, em isolamento. &#8220;A estrat\u00e9gia exitosa em rela\u00e7\u00e3o \u00e0 criminalidade organizada passa pelo isolamento de suas lideran\u00e7as&#8221;, disse.<\/p>\n<p>O ministro voltou a justificar a iniciativa do governo federal de endurecer a lei contra o crime argumentando que a corrup\u00e7\u00e3o, o crime organizado e o crime violento s\u00e3o os maiores problemas do pa\u00eds em termos se seguran\u00e7a p\u00fablica, j\u00e1 que est\u00e3o inter-relacionados.<\/p>\n<p>Fonte: Ag\u00eancia Brasil<\/p>\n","protected":false},"excerpt":{"rendered":"<p>O presidente Jair Bolsonaro disse hoje, 16, em sua conta no Twitter, que o governo apresentar\u00e1 o projeto de lei Anticrime ao Congresso Nacional na ter\u00e7a-feira (19). \u201cNa pr\u00f3xima ter\u00e7a-feira apresentaremos projeto de lei Anticrime ao Congresso. Elaborado pelo ministro Sergio Moro, o mesmo visa endurecer as penas contra assassinos, l\u00edderes de gangues e corruptos\u201d, [&hellip;]<\/p>\n","protected":false},"author":96,"featured_media":131672,"comment_status":"closed","ping_status":"closed","sticky":false,"template":"","format":"standard","meta":{"footnotes":""},"categories":[436,254,439],"tags":[],"class_list":["post-134107","post","type-post","status-publish","format-standard","has-post-thumbnail","hentry","category-destaque-da-semana","category-politica","category-ultima-hora"],"_links":{"self":[{"href":"https:\/\/diarioregionaldigital.com.br\/index.php?rest_route=\/wp\/v2\/posts\/134107","targetHints":{"allow":["GET"]}}],"collection":[{"href":"https:\/\/diarioregionaldigital.com.br\/index.php?rest_route=\/wp\/v2\/posts"}],"about":[{"href":"https:\/\/diarioregionaldigital.com.br\/index.php?rest_route=\/wp\/v2\/types\/post"}],"author":[{"embeddable":true,"href":"https:\/\/diarioregionaldigital.com.br\/index.php?rest_route=\/wp\/v2\/users\/96"}],"replies":[{"embeddable":true,"href":"https:\/\/diarioregionaldigital.com.br\/index.php?rest_route=%2Fwp%2Fv2%2Fcomments&post=134107"}],"version-history":[{"count":0,"href":"https:\/\/diarioregionaldigital.com.br\/index.php?rest_route=\/wp\/v2\/posts\/134107\/revisions"}],"wp:featuredmedia":[{"embeddable":true,"href":"https:\/\/diarioregionaldigital.com.br\/index.php?rest_route=\/wp\/v2\/media\/131672"}],"wp:attachment":[{"href":"https:\/\/diarioregionaldigital.com.br\/index.php?rest_route=%2Fwp%2Fv2%2Fmedia&parent=134107"}],"wp:term":[{"taxonomy":"category","embeddable":true,"href":"https:\/\/diarioregionaldigital.com.br\/index.php?rest_route=%2Fwp%2Fv2%2Fcategories&post=134107"},{"taxonomy":"post_tag","embeddable":true,"href":"https:\/\/diarioregionaldigital.com.br\/index.php?rest_route=%2Fwp%2Fv2%2Ftags&post=134107"}],"curies":[{"name":"wp","href":"https:\/\/api.w.org\/{rel}","templated":true}]}}