{"id":134080,"date":"2019-02-15T16:23:55","date_gmt":"2019-02-15T18:23:55","guid":{"rendered":"https:\/\/diarioregionaldigital.com.br\/?p=134080"},"modified":"2019-02-15T16:23:55","modified_gmt":"2019-02-15T18:23:55","slug":"pre-carnaval-de-jf-abre-programacao-com-matines-e-blocos-de-rua","status":"publish","type":"post","link":"https:\/\/diarioregionaldigital.com.br\/?p=134080","title":{"rendered":"Pr\u00e9-carnaval de JF abre programa\u00e7\u00e3o com matin\u00eas e blocos de rua"},"content":{"rendered":"<p>Nove eventos gratuitos est\u00e3o na programa\u00e7\u00e3o do primeiro fim de semana do pr\u00e9-carnaval de Juiz de Fora. A abertura oficial da folia acontecer\u00e1 neste s\u00e1bado, 16, \u00e0s 16 horas, com o \u201cBailinho do Museu Ferrovi\u00e1rio\u201d. At\u00e9 domingo est\u00e3o programados cinco blocos e duas tardes de atra\u00e7\u00f5es diversificadas no Shopping Jardim Norte, al\u00e9m da apresenta\u00e7\u00e3o da Escola de Samba Vale do Paraibuna.<\/p>\n<p>Chegando \u00e0 terceira edi\u00e7\u00e3o, a matin\u00ea do Museu Ferrovi\u00e1rio j\u00e1 \u00e9 um dos eventos mais esperados pelos pequenos foli\u00f5es. \u201cPercebemos a exist\u00eancia de um p\u00fablico que aguarda o bailinho o ano inteiro\u201d, comentou o diretor da institui\u00e7\u00e3o, Luiz Fernando Priamo. Ele garantiu que os foli\u00f5es n\u00e3o ficar\u00e3o decepcionados com a programa\u00e7\u00e3o 2019, que inclui o Palha\u00e7o Rosquinha e o grupo Batuquedelas, respons\u00e1vel pela trilha sonora da festa. Haver\u00e1 ainda esta\u00e7\u00e3o de purpurina e estande para customiza\u00e7\u00e3o de m\u00e1scaras da capivara \u201cJennifer\u201d, a mascote do Carnaval 2019 em Juiz de Fora. Para os \u201cmais crescidos\u201d haver\u00e1 venda de cerveja artesanal (sempre valendo a lembran\u00e7a: \u201cse beber, n\u00e3o dirija\u201d) e por\u00e7\u00f5es: \u201cSer\u00e1 uma tarde divertida para crian\u00e7as e pais.\u201d O acesso ser\u00e1 pela Avenida Brasil, 2.001 \u2013 Centro, com estacionamento gratuito.<\/p>\n<p>No Shopping Jardim Norte acontecer\u00e1, ainda neste s\u00e1bado, a partir do meio-dia, e no domingo, \u00e0s 13 horas, o \u201cEsquenta Folia\u201d, com shows de repert\u00f3rio ecl\u00e9tico, do eletropop ao rock, al\u00e9m de m\u00fasicas do carnaval de todos os tempos.<\/p>\n<p>Tamb\u00e9m no domingo, e tamb\u00e9m a partir das 13 horas, o Bloco da Imprensa se re\u00fane na Rua Esp\u00edrito Santo, no Centro, para cantar o enredo \u201cTudo Acontece em Juiz de Fora\u201d. E a partir das 14 horas, o Bloco Arteria estar\u00e1 na Pra\u00e7a do Bom Pastor, com a proposta de promover o tradicional carnaval de rua, para todos os p\u00fablicos: crian\u00e7as, jovens e adultos. Rainha de bateria, mestre-sala, porta-bandeira e 30 ritmistas da Ritmo Quente far\u00e3o o carnaval da Escola de Samba Vale do Paraibuna, a partir das 14 horas, na Rua Domingos Dalamura, Bairro Santo Ant\u00f4nio. Sambas antigos da escola e sucessos nacionais ser\u00e3o cantados pelo int\u00e9rprete Jo\u00e3o Kleber e os convidados Zez\u00e9 do Pandeiro, Hamilton Jacar\u00e9 e \u00c2ngela.<\/p>\n<p>Em sua terceira edi\u00e7\u00e3o, o S\u00fabita ocupar\u00e1 o Parque Halfeld, a partir das 15 horas, ao som de DJs. Conforme Cl\u00e9ber Antunes, um dos organizadores, a ideia \u00e9 brincar sem interfer\u00eancia de m\u00fasica comercial: \u201cQueremos colocar pessoas em contato com elas mesmas e com o que n\u00e3o conhecem em termo de cultura musical. Tamb\u00e9m temos uma forte bandeira de inclus\u00e3o e defendemos a ressignifica\u00e7\u00e3o do espa\u00e7o p\u00fablico. Queremos atrair pessoas de todas as idades; e podem trazer os cachorros tamb\u00e9m\u201d.<\/p>\n<p>J\u00e1 o grupo Batuquedelas prop\u00f5e uma tarde carnavalesca para toda a fam\u00edlia, na Pra\u00e7a Agassis, no Bairro Mariano Proc\u00f3pio. A programa\u00e7\u00e3o come\u00e7ar\u00e1 ao meio-dia, e est\u00e3o previstas atra\u00e7\u00f5es como DJ Ac\u00f3smica e Esta\u00e7\u00e3o do Samba. Formado s\u00f3 por mulheres, o Batuquedelas dever\u00e1 se apresentar por volta de 15 horas. Esta\u00e7\u00e3o kids, food trucks e adere\u00e7os v\u00e3o incrementar a estrutura oferecida aos foli\u00f5es.<\/p>\n<p>Levantando a bandeira do respeito \u00e0 diversidade, o Makoombloco homenagear\u00e1 a primeira travesti negra e artista do Brasil: Madame Sat\u00e3. O bloco se apresentar\u00e1 a partir das 16 horas, na Pra\u00e7a Ant\u00f4nio Carlos, no Centro. Est\u00e3o confirmados os DJs Acosmica, Ocrioulo, Crraudio e Everton Beatmaker, al\u00e9m de Dona Chapa (apresenta\u00e7\u00e3o), Shaira Badaret (performance), Iago Martins (pocket show) e House Of Makoomba (performance).<\/p>\n<p>Confira, em anexo, a programa\u00e7\u00e3o oficial do Carnaval 2019.<\/p>\n","protected":false},"excerpt":{"rendered":"<p>Nove eventos gratuitos est\u00e3o na programa\u00e7\u00e3o do primeiro fim de semana do pr\u00e9-carnaval de Juiz de Fora. A abertura oficial da folia acontecer\u00e1 neste s\u00e1bado, 16, \u00e0s 16 horas, com o \u201cBailinho do Museu Ferrovi\u00e1rio\u201d. At\u00e9 domingo est\u00e3o programados cinco blocos e duas tardes de atra\u00e7\u00f5es diversificadas no Shopping Jardim Norte, al\u00e9m da apresenta\u00e7\u00e3o da [&hellip;]<\/p>\n","protected":false},"author":96,"featured_media":134081,"comment_status":"closed","ping_status":"closed","sticky":false,"template":"","format":"standard","meta":{"footnotes":""},"categories":[256,436,262,439],"tags":[],"class_list":["post-134080","post","type-post","status-publish","format-standard","has-post-thumbnail","hentry","category-cultura","category-destaque-da-semana","category-noticias","category-ultima-hora"],"_links":{"self":[{"href":"https:\/\/diarioregionaldigital.com.br\/index.php?rest_route=\/wp\/v2\/posts\/134080","targetHints":{"allow":["GET"]}}],"collection":[{"href":"https:\/\/diarioregionaldigital.com.br\/index.php?rest_route=\/wp\/v2\/posts"}],"about":[{"href":"https:\/\/diarioregionaldigital.com.br\/index.php?rest_route=\/wp\/v2\/types\/post"}],"author":[{"embeddable":true,"href":"https:\/\/diarioregionaldigital.com.br\/index.php?rest_route=\/wp\/v2\/users\/96"}],"replies":[{"embeddable":true,"href":"https:\/\/diarioregionaldigital.com.br\/index.php?rest_route=%2Fwp%2Fv2%2Fcomments&post=134080"}],"version-history":[{"count":0,"href":"https:\/\/diarioregionaldigital.com.br\/index.php?rest_route=\/wp\/v2\/posts\/134080\/revisions"}],"wp:featuredmedia":[{"embeddable":true,"href":"https:\/\/diarioregionaldigital.com.br\/index.php?rest_route=\/wp\/v2\/media\/134081"}],"wp:attachment":[{"href":"https:\/\/diarioregionaldigital.com.br\/index.php?rest_route=%2Fwp%2Fv2%2Fmedia&parent=134080"}],"wp:term":[{"taxonomy":"category","embeddable":true,"href":"https:\/\/diarioregionaldigital.com.br\/index.php?rest_route=%2Fwp%2Fv2%2Fcategories&post=134080"},{"taxonomy":"post_tag","embeddable":true,"href":"https:\/\/diarioregionaldigital.com.br\/index.php?rest_route=%2Fwp%2Fv2%2Ftags&post=134080"}],"curies":[{"name":"wp","href":"https:\/\/api.w.org\/{rel}","templated":true}]}}