{"id":134077,"date":"2019-02-15T16:08:15","date_gmt":"2019-02-15T18:08:15","guid":{"rendered":"https:\/\/diarioregionaldigital.com.br\/?p=134077"},"modified":"2019-02-15T16:08:15","modified_gmt":"2019-02-15T18:08:15","slug":"projeto-propoe-sustar-decreto-que-simplificou-posse-de-armas","status":"publish","type":"post","link":"https:\/\/diarioregionaldigital.com.br\/?p=134077","title":{"rendered":"Projeto prop\u00f5e sustar decreto que simplificou posse de armas"},"content":{"rendered":"<p>A bancada do Partido dos Trabalhadores no Senado Federal apresentou um projeto de decreto legislativo para sustar o\u00a0Decreto 9.685, de 2019, editado pelo presidente Jair Bolsonaro, que simplificou o porte de armas de fogo. Os senadores argumentam que a aplica\u00e7\u00e3o do Estatuto do Desarmamento \u00e9 fundamental para reduzir a explos\u00e3o de mortes violentas no Brasil, como atestou a Organiza\u00e7\u00e3o Mundial de Sa\u00fade (OMS). Na contram\u00e3o dessa recomenda\u00e7\u00e3o, a simplifica\u00e7\u00e3o das exig\u00eancias, segundo o PT, ir\u00e1 gerar um aumento nos homic\u00eddios, inclusive por acidentes.<\/p>\n<p>Al\u00e9m disso, como afirma o senador Humberto Costa (PT-PE), o plebiscito de 2005, que reafirmou a possibilidade da posse de armas pelos cidad\u00e3os, n\u00e3o estendia a possibilidade de compra de v\u00e1rias armas por pessoa.<\/p>\n<p>\u2014 Dado preocupante \u2014 e que tamb\u00e9m se contrap\u00f5e ao esp\u00edrito do Estatuto do Desarmamento \u2014 \u00e9 a autoriza\u00e7\u00e3o para a compra de at\u00e9 quatro armas de fogo. E esse n\u00famero poder\u00e1 ser maior a depender do n\u00famero de propriedades que o cidad\u00e3o possua, al\u00e9m das circunst\u00e2ncias e da comprova\u00e7\u00e3o da &#8220;efetiva necessidade&#8221;, como \u00e9 previsto no decreto presidencial.<\/p>\n<p>O senador Paulo Paim (PT-RS), presidente da Comiss\u00e3o de Direitos Humanos e Legisla\u00e7\u00e3o Participativa (CDH), mostrou-se preocupado com uma escalada de incidentes com armas de fogo a partir da simplifica\u00e7\u00e3o das autoriza\u00e7\u00f5es para a posse.<\/p>\n<p>\u2014 O decreto presidencial ainda ir\u00e1 impactar no aumento no sistema p\u00fablico de sa\u00fade, nos seus setores de urg\u00eancia e emerg\u00eancia, nas filas de cirurgias ortop\u00e9dicas e nos servi\u00e7os de reabilita\u00e7\u00e3o. \u00c9 claro que ocorrer\u00e3o acidentes, pois o uso de armas exige um longo treinamento. E a maioria das pessoas n\u00e3o far\u00e1 esse treinamento.<\/p>\n<p>O projeto\u00a0foi encaminhado \u00e0 Comiss\u00e3o de Constitui\u00e7\u00e3o, Justi\u00e7a e Cidadania (CCJ) para exame. Na comiss\u00e3o, ser\u00e1 designado um relator e aberto um prazo para a apresenta\u00e7\u00e3o de emendas antes de um parecer sobre a proposta ser colocado em vota\u00e7\u00e3o.<\/p>\n<p>&nbsp;<\/p>\n<p>Fonte: Ag\u00eancia Senado<\/p>\n","protected":false},"excerpt":{"rendered":"<p>A bancada do Partido dos Trabalhadores no Senado Federal apresentou um projeto de decreto legislativo para sustar o\u00a0Decreto 9.685, de 2019, editado pelo presidente Jair Bolsonaro, que simplificou o porte de armas de fogo. Os senadores argumentam que a aplica\u00e7\u00e3o do Estatuto do Desarmamento \u00e9 fundamental para reduzir a explos\u00e3o de mortes violentas no Brasil, [&hellip;]<\/p>\n","protected":false},"author":96,"featured_media":134078,"comment_status":"closed","ping_status":"closed","sticky":false,"template":"","format":"standard","meta":{"footnotes":""},"categories":[436,262,254,439],"tags":[],"class_list":["post-134077","post","type-post","status-publish","format-standard","has-post-thumbnail","hentry","category-destaque-da-semana","category-noticias","category-politica","category-ultima-hora"],"_links":{"self":[{"href":"https:\/\/diarioregionaldigital.com.br\/index.php?rest_route=\/wp\/v2\/posts\/134077","targetHints":{"allow":["GET"]}}],"collection":[{"href":"https:\/\/diarioregionaldigital.com.br\/index.php?rest_route=\/wp\/v2\/posts"}],"about":[{"href":"https:\/\/diarioregionaldigital.com.br\/index.php?rest_route=\/wp\/v2\/types\/post"}],"author":[{"embeddable":true,"href":"https:\/\/diarioregionaldigital.com.br\/index.php?rest_route=\/wp\/v2\/users\/96"}],"replies":[{"embeddable":true,"href":"https:\/\/diarioregionaldigital.com.br\/index.php?rest_route=%2Fwp%2Fv2%2Fcomments&post=134077"}],"version-history":[{"count":0,"href":"https:\/\/diarioregionaldigital.com.br\/index.php?rest_route=\/wp\/v2\/posts\/134077\/revisions"}],"wp:featuredmedia":[{"embeddable":true,"href":"https:\/\/diarioregionaldigital.com.br\/index.php?rest_route=\/wp\/v2\/media\/134078"}],"wp:attachment":[{"href":"https:\/\/diarioregionaldigital.com.br\/index.php?rest_route=%2Fwp%2Fv2%2Fmedia&parent=134077"}],"wp:term":[{"taxonomy":"category","embeddable":true,"href":"https:\/\/diarioregionaldigital.com.br\/index.php?rest_route=%2Fwp%2Fv2%2Fcategories&post=134077"},{"taxonomy":"post_tag","embeddable":true,"href":"https:\/\/diarioregionaldigital.com.br\/index.php?rest_route=%2Fwp%2Fv2%2Ftags&post=134077"}],"curies":[{"name":"wp","href":"https:\/\/api.w.org\/{rel}","templated":true}]}}