{"id":134063,"date":"2019-02-15T14:46:36","date_gmt":"2019-02-15T16:46:36","guid":{"rendered":"https:\/\/diarioregionaldigital.com.br\/?p=134063"},"modified":"2019-02-15T14:46:36","modified_gmt":"2019-02-15T16:46:36","slug":"tombamento-do-acervo-do-museu-completa-80-anos","status":"publish","type":"post","link":"https:\/\/diarioregionaldigital.com.br\/?p=134063","title":{"rendered":"Tombamento do acervo do Museu completa 80 anos"},"content":{"rendered":"<p>O Museu \u201cMariano Proc\u00f3pio\u201d \u00e9 o resultado do legado de Alfredo Ferreira Lage (1865-1944), que, dentre as suas atribui\u00e7\u00f5es, era colecionador e dedicou sua vida \u00e0 forma\u00e7\u00e3o de um dos mais significativos acervos art\u00edsticos, hist\u00f3ricos e de ci\u00eancias naturais do Brasil. Em 16 de fevereiro, completam-se 80 anos de tombamento, em \u00e2mbito nacional, de grande parte da cole\u00e7\u00e3o da institui\u00e7\u00e3o, que aconteceu em 1939.<\/p>\n<p>Visando a legitimar o Museu e a mem\u00f3ria de sua fam\u00edlia para as futuras gera\u00e7\u00f5es, Alfredo Lage promoveu a institui\u00e7\u00e3o, por meio da amizade com figuras importantes da \u00e9poca, como membros da fam\u00edlia Imperial Brasileira, artistas, jornalistas e pol\u00edticos. Em 1935, recebeu a visita do antigo presidente Get\u00falio Vargas, respons\u00e1vel pela funda\u00e7\u00e3o do Servi\u00e7o do Patrim\u00f4nio Hist\u00f3rico e Art\u00edstico Nacional (Sphan), em 1936, \u00f3rg\u00e3o respons\u00e1vel pelo tombamento de patrim\u00f4nios hist\u00f3ricos e art\u00edsticos nacional, hoje Instituto do Patrim\u00f4nio Hist\u00f3rico e Art\u00edstico Nacional ( Ipham). No final da d\u00e9cada de 30, a cole\u00e7\u00e3o foi tombada em \u00e2mbito nacional.<\/p>\n<p>Para Priscila Pinheiro, historiadora do Departamento de Acervo T\u00e9cnico (DAT), o objetivo do tombamento material \u00e9 para que se preserve viva a mem\u00f3ria, n\u00e3o apenas da institui\u00e7\u00e3o, mas da hist\u00f3ria da cidade e do pa\u00eds. Al\u00e9m da exposi\u00e7\u00e3o das pe\u00e7as, a institui\u00e7\u00e3o mant\u00e9m v\u00ednculo com o meio acad\u00eamico e pesquisadores que desenvolvem estudos sobre os mais variados assuntos, contribuindo para a difus\u00e3o de seu acervo. A cole\u00e7\u00e3o do Museu \u00e9 reconhecida como ecl\u00e9tica, composta por mais de 50 mil itens, como armas, documentos, est\u00e1tuas, fotografias, livros, indument\u00e1rias, mobili\u00e1rio, minerais, dentre outros.<\/p>\n<p>&nbsp;<\/p>\n<p>Fonte: PJF<\/p>\n","protected":false},"excerpt":{"rendered":"<p>O Museu \u201cMariano Proc\u00f3pio\u201d \u00e9 o resultado do legado de Alfredo Ferreira Lage (1865-1944), que, dentre as suas atribui\u00e7\u00f5es, era colecionador e dedicou sua vida \u00e0 forma\u00e7\u00e3o de um dos mais significativos acervos art\u00edsticos, hist\u00f3ricos e de ci\u00eancias naturais do Brasil. Em 16 de fevereiro, completam-se 80 anos de tombamento, em \u00e2mbito nacional, de grande [&hellip;]<\/p>\n","protected":false},"author":96,"featured_media":134064,"comment_status":"closed","ping_status":"closed","sticky":false,"template":"","format":"standard","meta":{"footnotes":""},"categories":[256,436,262,439],"tags":[],"class_list":["post-134063","post","type-post","status-publish","format-standard","has-post-thumbnail","hentry","category-cultura","category-destaque-da-semana","category-noticias","category-ultima-hora"],"_links":{"self":[{"href":"https:\/\/diarioregionaldigital.com.br\/index.php?rest_route=\/wp\/v2\/posts\/134063","targetHints":{"allow":["GET"]}}],"collection":[{"href":"https:\/\/diarioregionaldigital.com.br\/index.php?rest_route=\/wp\/v2\/posts"}],"about":[{"href":"https:\/\/diarioregionaldigital.com.br\/index.php?rest_route=\/wp\/v2\/types\/post"}],"author":[{"embeddable":true,"href":"https:\/\/diarioregionaldigital.com.br\/index.php?rest_route=\/wp\/v2\/users\/96"}],"replies":[{"embeddable":true,"href":"https:\/\/diarioregionaldigital.com.br\/index.php?rest_route=%2Fwp%2Fv2%2Fcomments&post=134063"}],"version-history":[{"count":0,"href":"https:\/\/diarioregionaldigital.com.br\/index.php?rest_route=\/wp\/v2\/posts\/134063\/revisions"}],"wp:featuredmedia":[{"embeddable":true,"href":"https:\/\/diarioregionaldigital.com.br\/index.php?rest_route=\/wp\/v2\/media\/134064"}],"wp:attachment":[{"href":"https:\/\/diarioregionaldigital.com.br\/index.php?rest_route=%2Fwp%2Fv2%2Fmedia&parent=134063"}],"wp:term":[{"taxonomy":"category","embeddable":true,"href":"https:\/\/diarioregionaldigital.com.br\/index.php?rest_route=%2Fwp%2Fv2%2Fcategories&post=134063"},{"taxonomy":"post_tag","embeddable":true,"href":"https:\/\/diarioregionaldigital.com.br\/index.php?rest_route=%2Fwp%2Fv2%2Ftags&post=134063"}],"curies":[{"name":"wp","href":"https:\/\/api.w.org\/{rel}","templated":true}]}}