{"id":134060,"date":"2019-02-15T14:46:53","date_gmt":"2019-02-15T16:46:53","guid":{"rendered":"https:\/\/diarioregionaldigital.com.br\/?p=134060"},"modified":"2019-02-15T17:07:29","modified_gmt":"2019-02-15T19:07:29","slug":"motorista-morre-apos-acidente-na-br-267-em-valadares","status":"publish","type":"post","link":"https:\/\/diarioregionaldigital.com.br\/?p=134060","title":{"rendered":"Motorista morre ap\u00f3s acidente na BR-267 em Valadares"},"content":{"rendered":"<p>O motorista, 45 anos, de um caminh\u00e3o morreu na manha desta sexta-feira, 15, ap\u00f3s um acidente na BR-267, na ponte sobre o Rio do Peixe, no Distrito de Valadares, na zona Norte de Juiz de Fora.<\/p>\n<p>De acordo com as informa\u00e7\u00f5es, o caminh\u00e3o, com placas de Muqui-ES, seguia no sentido Sul de Minas-Zona da Mata quando capotou logo ap\u00f3s uma curva, parando atravessado na ponte sobre o Rio do Peixe, com as rodas para cima. A prote\u00e7\u00e3o de concreto da ponto foi destru\u00edda e a carga, grama e estrados de madeira, se espalhou pelo asfalto. Ap\u00f3s o acidente, a pista ficou totalmente interditada.<\/p>\n<p>O Corpo de Bombeiros foi acionado, mas a v\u00edtima j\u00e1 estava sem vida quando os militares chegaram ao local. Um equipe da Pol\u00edcia Rodovi\u00e1ria Federal acompanhou todo o trabalho. Um guincho foi usado para retirar o caminh\u00e3o e o corpo que ficou preso as ferragens. A\u00a0pista foi totalmente liberada por volta de 16h.<\/p>\n","protected":false},"excerpt":{"rendered":"<p>O motorista, 45 anos, de um caminh\u00e3o morreu na manha desta sexta-feira, 15, ap\u00f3s um acidente na BR-267, na ponte sobre o Rio do Peixe, no Distrito de Valadares, na zona Norte de Juiz de Fora. De acordo com as informa\u00e7\u00f5es, o caminh\u00e3o, com placas de Muqui-ES, seguia no sentido Sul de Minas-Zona da Mata [&hellip;]<\/p>\n","protected":false},"author":96,"featured_media":105098,"comment_status":"closed","ping_status":"closed","sticky":false,"template":"","format":"standard","meta":{"footnotes":""},"categories":[253,436,440,439],"tags":[],"class_list":["post-134060","post","type-post","status-publish","format-standard","has-post-thumbnail","hentry","category-cidade","category-destaque-da-semana","category-destaques-do-dia","category-ultima-hora"],"_links":{"self":[{"href":"https:\/\/diarioregionaldigital.com.br\/index.php?rest_route=\/wp\/v2\/posts\/134060","targetHints":{"allow":["GET"]}}],"collection":[{"href":"https:\/\/diarioregionaldigital.com.br\/index.php?rest_route=\/wp\/v2\/posts"}],"about":[{"href":"https:\/\/diarioregionaldigital.com.br\/index.php?rest_route=\/wp\/v2\/types\/post"}],"author":[{"embeddable":true,"href":"https:\/\/diarioregionaldigital.com.br\/index.php?rest_route=\/wp\/v2\/users\/96"}],"replies":[{"embeddable":true,"href":"https:\/\/diarioregionaldigital.com.br\/index.php?rest_route=%2Fwp%2Fv2%2Fcomments&post=134060"}],"version-history":[{"count":0,"href":"https:\/\/diarioregionaldigital.com.br\/index.php?rest_route=\/wp\/v2\/posts\/134060\/revisions"}],"wp:featuredmedia":[{"embeddable":true,"href":"https:\/\/diarioregionaldigital.com.br\/index.php?rest_route=\/wp\/v2\/media\/105098"}],"wp:attachment":[{"href":"https:\/\/diarioregionaldigital.com.br\/index.php?rest_route=%2Fwp%2Fv2%2Fmedia&parent=134060"}],"wp:term":[{"taxonomy":"category","embeddable":true,"href":"https:\/\/diarioregionaldigital.com.br\/index.php?rest_route=%2Fwp%2Fv2%2Fcategories&post=134060"},{"taxonomy":"post_tag","embeddable":true,"href":"https:\/\/diarioregionaldigital.com.br\/index.php?rest_route=%2Fwp%2Fv2%2Ftags&post=134060"}],"curies":[{"name":"wp","href":"https:\/\/api.w.org\/{rel}","templated":true}]}}