{"id":134058,"date":"2019-02-15T14:13:45","date_gmt":"2019-02-15T16:13:45","guid":{"rendered":"https:\/\/diarioregionaldigital.com.br\/?p=134058"},"modified":"2019-02-15T14:13:45","modified_gmt":"2019-02-15T16:13:45","slug":"apos-proposta-para-previdencia-ibovespa-opera-acima-de-97-mil-pontos","status":"publish","type":"post","link":"https:\/\/diarioregionaldigital.com.br\/?p=134058","title":{"rendered":"Ap\u00f3s proposta para Previd\u00eancia, Ibovespa opera acima de 97 mil pontos"},"content":{"rendered":"<p>O Ibovespa opera\u00a0<span id=\"OBJ_PREFIX_DWT187_com_zimbra_date\" role=\"link\">nesta sexta-feira, 15,<\/span>\u00a0acima de 97 mil pontos, em leve queda de 0,80%.<\/p>\n<p>No fechamento dessa quinta-feira, 14, o \u00edndice fechou em alta de 2,27%, aos 98.015 pontos. O Ibovespa \u00e9 o principal indicador de desempenho das a\u00e7\u00f5es negociadas na B3, antiga BMF&amp;Bovespa.<\/p>\n<p><span id=\"OBJ_PREFIX_DWT189_com_zimbra_date\" role=\"link\">Nesta quinta-feira,<\/span>\u00a0o mercado reagiu \u00e0 proposta de reforma da Previd\u00eancia, que ser\u00e1 encaminhada pelo presidente Jair Bolsonaro e sua equipe econ\u00f4mica ao Congresso Nacional na pr\u00f3xima\u00a0<span id=\"OBJ_PREFIX_DWT190_com_zimbra_date\" role=\"link\">quarta<\/span>-feira, 20.<\/p>\n<p>No in\u00edcio da tarde, o d\u00f3lar era negociado a R$ 3,724.<\/p>\n<p>&nbsp;<\/p>\n<p>Fonte: Ag\u00eancia Brasil<\/p>\n","protected":false},"excerpt":{"rendered":"<p>O Ibovespa opera\u00a0nesta sexta-feira, 15,\u00a0acima de 97 mil pontos, em leve queda de 0,80%. No fechamento dessa quinta-feira, 14, o \u00edndice fechou em alta de 2,27%, aos 98.015 pontos. O Ibovespa \u00e9 o principal indicador de desempenho das a\u00e7\u00f5es negociadas na B3, antiga BMF&amp;Bovespa. Nesta quinta-feira,\u00a0o mercado reagiu \u00e0 proposta de reforma da Previd\u00eancia, que [&hellip;]<\/p>\n","protected":false},"author":96,"featured_media":130416,"comment_status":"closed","ping_status":"closed","sticky":false,"template":"","format":"standard","meta":{"footnotes":""},"categories":[436,261,262,439],"tags":[],"class_list":["post-134058","post","type-post","status-publish","format-standard","has-post-thumbnail","hentry","category-destaque-da-semana","category-economia","category-noticias","category-ultima-hora"],"_links":{"self":[{"href":"https:\/\/diarioregionaldigital.com.br\/index.php?rest_route=\/wp\/v2\/posts\/134058","targetHints":{"allow":["GET"]}}],"collection":[{"href":"https:\/\/diarioregionaldigital.com.br\/index.php?rest_route=\/wp\/v2\/posts"}],"about":[{"href":"https:\/\/diarioregionaldigital.com.br\/index.php?rest_route=\/wp\/v2\/types\/post"}],"author":[{"embeddable":true,"href":"https:\/\/diarioregionaldigital.com.br\/index.php?rest_route=\/wp\/v2\/users\/96"}],"replies":[{"embeddable":true,"href":"https:\/\/diarioregionaldigital.com.br\/index.php?rest_route=%2Fwp%2Fv2%2Fcomments&post=134058"}],"version-history":[{"count":0,"href":"https:\/\/diarioregionaldigital.com.br\/index.php?rest_route=\/wp\/v2\/posts\/134058\/revisions"}],"wp:featuredmedia":[{"embeddable":true,"href":"https:\/\/diarioregionaldigital.com.br\/index.php?rest_route=\/wp\/v2\/media\/130416"}],"wp:attachment":[{"href":"https:\/\/diarioregionaldigital.com.br\/index.php?rest_route=%2Fwp%2Fv2%2Fmedia&parent=134058"}],"wp:term":[{"taxonomy":"category","embeddable":true,"href":"https:\/\/diarioregionaldigital.com.br\/index.php?rest_route=%2Fwp%2Fv2%2Fcategories&post=134058"},{"taxonomy":"post_tag","embeddable":true,"href":"https:\/\/diarioregionaldigital.com.br\/index.php?rest_route=%2Fwp%2Fv2%2Ftags&post=134058"}],"curies":[{"name":"wp","href":"https:\/\/api.w.org\/{rel}","templated":true}]}}