{"id":134053,"date":"2019-02-15T13:46:34","date_gmt":"2019-02-15T15:46:34","guid":{"rendered":"https:\/\/diarioregionaldigital.com.br\/?p=134053"},"modified":"2019-02-15T13:46:34","modified_gmt":"2019-02-15T15:46:34","slug":"igp-10-registra-inflacao-de-04-em-fevereiro","status":"publish","type":"post","link":"https:\/\/diarioregionaldigital.com.br\/?p=134053","title":{"rendered":"IGP-10 registra infla\u00e7\u00e3o de 0,4% em fevereiro"},"content":{"rendered":"<p>O \u00cdndice Geral de Pre\u00e7os \u2013 10 (IGP-10) \u2013 registrou infla\u00e7\u00e3o de 0,4% em fevereiro deste ano, depois de uma defla\u00e7\u00e3o (queda de pre\u00e7os) de 0,26% em janeiro. Com o resultado, o IGP-10 acumula taxas de infla\u00e7\u00e3o de 0,14% no ano e de 6,98% em 12 meses. Os dados s\u00e3o da Funda\u00e7\u00e3o Getulio Vargas (FGV).<\/p>\n<p>A alta da taxa foi puxada pelos pre\u00e7os no atacado e pela constru\u00e7\u00e3o civil. O \u00cdndice de Pre\u00e7os ao Produtor Amplo, que mede o atacado, passou de -0,59% em janeiro para 0,4% em fevereiro. O \u00cdndice Nacional de Custo da Constru\u00e7\u00e3o subiu de 0,29% para 0,41% no per\u00edodo.<\/p>\n<p>Por outro lado, a infla\u00e7\u00e3o do \u00cdndice de Pre\u00e7os ao Consumidor, que mede o varejo, caiu de 0,45% em janeiro para 0,38% em fevereiro.<\/p>\n<p>&nbsp;<\/p>\n<p>Fonte: Ag\u00eancia Brasil<\/p>\n","protected":false},"excerpt":{"rendered":"<p>O \u00cdndice Geral de Pre\u00e7os \u2013 10 (IGP-10) \u2013 registrou infla\u00e7\u00e3o de 0,4% em fevereiro deste ano, depois de uma defla\u00e7\u00e3o (queda de pre\u00e7os) de 0,26% em janeiro. Com o resultado, o IGP-10 acumula taxas de infla\u00e7\u00e3o de 0,14% no ano e de 6,98% em 12 meses. Os dados s\u00e3o da Funda\u00e7\u00e3o Getulio Vargas (FGV). [&hellip;]<\/p>\n","protected":false},"author":96,"featured_media":112399,"comment_status":"closed","ping_status":"closed","sticky":false,"template":"","format":"standard","meta":{"footnotes":""},"categories":[436,261,262,439],"tags":[],"class_list":["post-134053","post","type-post","status-publish","format-standard","has-post-thumbnail","hentry","category-destaque-da-semana","category-economia","category-noticias","category-ultima-hora"],"_links":{"self":[{"href":"https:\/\/diarioregionaldigital.com.br\/index.php?rest_route=\/wp\/v2\/posts\/134053","targetHints":{"allow":["GET"]}}],"collection":[{"href":"https:\/\/diarioregionaldigital.com.br\/index.php?rest_route=\/wp\/v2\/posts"}],"about":[{"href":"https:\/\/diarioregionaldigital.com.br\/index.php?rest_route=\/wp\/v2\/types\/post"}],"author":[{"embeddable":true,"href":"https:\/\/diarioregionaldigital.com.br\/index.php?rest_route=\/wp\/v2\/users\/96"}],"replies":[{"embeddable":true,"href":"https:\/\/diarioregionaldigital.com.br\/index.php?rest_route=%2Fwp%2Fv2%2Fcomments&post=134053"}],"version-history":[{"count":0,"href":"https:\/\/diarioregionaldigital.com.br\/index.php?rest_route=\/wp\/v2\/posts\/134053\/revisions"}],"wp:featuredmedia":[{"embeddable":true,"href":"https:\/\/diarioregionaldigital.com.br\/index.php?rest_route=\/wp\/v2\/media\/112399"}],"wp:attachment":[{"href":"https:\/\/diarioregionaldigital.com.br\/index.php?rest_route=%2Fwp%2Fv2%2Fmedia&parent=134053"}],"wp:term":[{"taxonomy":"category","embeddable":true,"href":"https:\/\/diarioregionaldigital.com.br\/index.php?rest_route=%2Fwp%2Fv2%2Fcategories&post=134053"},{"taxonomy":"post_tag","embeddable":true,"href":"https:\/\/diarioregionaldigital.com.br\/index.php?rest_route=%2Fwp%2Fv2%2Ftags&post=134053"}],"curies":[{"name":"wp","href":"https:\/\/api.w.org\/{rel}","templated":true}]}}