{"id":134050,"date":"2019-02-15T13:43:27","date_gmt":"2019-02-15T15:43:27","guid":{"rendered":"https:\/\/diarioregionaldigital.com.br\/?p=134050"},"modified":"2019-02-15T13:43:27","modified_gmt":"2019-02-15T15:43:27","slug":"operacao-do-mpmg-prende-oito-funcionarios-da-vale","status":"publish","type":"post","link":"https:\/\/diarioregionaldigital.com.br\/?p=134050","title":{"rendered":"Opera\u00e7\u00e3o do MPMG prende oito funcion\u00e1rios da Vale"},"content":{"rendered":"<p>Oito funcion\u00e1rios da mineradora Vale foram presos temporariamente nesta sexta-feira, 15, em uma opera\u00e7\u00e3o deflagrada pelo Minist\u00e9rio P\u00fablico de Minas Gerais (MPMG), com o apoio das pol\u00edcias civis e militares dos estados de Minas Gerais, S\u00e3o Paulo e Rio de Janeiro.<\/p>\n<p>Os alvos dos mandados de pris\u00e3o cumpridos nesta manh\u00e3 s\u00e3o suspeitos de responsabilidade criminal pelo\u00a0rompimento da Barragem 1\u00a0da Mina do C\u00f3rrego do Feij\u00e3o, em Brumadinho. Entre os presos est\u00e3o quatro gerentes e quatro t\u00e9cnicos diretamente envolvidos na seguran\u00e7a e estabilidade do empreendimento. Todos ficar\u00e3o detidos por 30 dias e ser\u00e3o ouvidos pelo MPMG em Belo Horizonte. Al\u00e9m dos crimes de homic\u00eddio qualificado, eles poder\u00e3o responder por crimes ambientais e falsidade ideol\u00f3gica.<\/p>\n<p>Est\u00e3o sendo cumpridos ainda 14 mandados de busca e apreens\u00e3o nos tr\u00eas estados, incluindo a sede da empresa Vale no Rio. Foram levados pelos agentes computadores e documentos em diferentes endere\u00e7os.<\/p>\n<p>Tamb\u00e9m s\u00e3o alvos dos mandados de busca e apreens\u00e3o quatro funcion\u00e1rios da empresa alem\u00e3 T\u00fcv S\u00fcd, que prestou servi\u00e7os de estabiliza\u00e7\u00e3o da barragem rompida para a Vale, entre eles, um diretor.<\/p>\n<p>&#8220;Os documentos e provas apreendidos ser\u00e3o encaminhados ao MPMG para an\u00e1lise. De acordo com os promotores de Justi\u00e7a, as medidas est\u00e3o amparadas em elementos concretos colhidos at\u00e9 o momento nas investiga\u00e7\u00f5es conduzidas pela\u00a0for\u00e7a-tarefa\u00a0e s\u00e3o imprescind\u00edveis para a completa apura\u00e7\u00e3o dos fatos&#8221;, diz a nota do MPMG.<\/p>\n<p>Em nota, a Vale informou que continua colaborando com as autoridades respons\u00e1veis pelas investiga\u00e7\u00f5es. \u201cA Vale permanecer\u00e1 contribuindo com as investiga\u00e7\u00f5es para a apura\u00e7\u00e3o dos fatos, juntamente com o apoio incondicional \u00e0s fam\u00edlias atingidas.\u201d<\/p>\n<p>H\u00e1 duas semanas, o MPMG, o Minist\u00e9rio P\u00fablico Federal e a Pol\u00edcia Federal conduziram outra a\u00e7\u00e3o em decorr\u00eancia do rompimento da barragem de Brumadinho, que resultou na\u00a0pris\u00e3o tempor\u00e1ria\u00a0de tr\u00eas funcion\u00e1rios da Vale respons\u00e1veis pelo empreendimento e dois engenheiros terceirizados que atestaram a seguran\u00e7a da barragem. Eles j\u00e1 foram liberados.<\/p>\n<p>&nbsp;<\/p>\n<p>Fonte: Ag\u00eancia Brasil<\/p>\n","protected":false},"excerpt":{"rendered":"<p>Oito funcion\u00e1rios da mineradora Vale foram presos temporariamente nesta sexta-feira, 15, em uma opera\u00e7\u00e3o deflagrada pelo Minist\u00e9rio P\u00fablico de Minas Gerais (MPMG), com o apoio das pol\u00edcias civis e militares dos estados de Minas Gerais, S\u00e3o Paulo e Rio de Janeiro. Os alvos dos mandados de pris\u00e3o cumpridos nesta manh\u00e3 s\u00e3o suspeitos de responsabilidade criminal [&hellip;]<\/p>\n","protected":false},"author":96,"featured_media":133101,"comment_status":"closed","ping_status":"closed","sticky":false,"template":"","format":"standard","meta":{"footnotes":""},"categories":[302,436,262,439],"tags":[],"class_list":["post-134050","post","type-post","status-publish","format-standard","has-post-thumbnail","hentry","category-brasil-mundo","category-destaque-da-semana","category-noticias","category-ultima-hora"],"_links":{"self":[{"href":"https:\/\/diarioregionaldigital.com.br\/index.php?rest_route=\/wp\/v2\/posts\/134050","targetHints":{"allow":["GET"]}}],"collection":[{"href":"https:\/\/diarioregionaldigital.com.br\/index.php?rest_route=\/wp\/v2\/posts"}],"about":[{"href":"https:\/\/diarioregionaldigital.com.br\/index.php?rest_route=\/wp\/v2\/types\/post"}],"author":[{"embeddable":true,"href":"https:\/\/diarioregionaldigital.com.br\/index.php?rest_route=\/wp\/v2\/users\/96"}],"replies":[{"embeddable":true,"href":"https:\/\/diarioregionaldigital.com.br\/index.php?rest_route=%2Fwp%2Fv2%2Fcomments&post=134050"}],"version-history":[{"count":0,"href":"https:\/\/diarioregionaldigital.com.br\/index.php?rest_route=\/wp\/v2\/posts\/134050\/revisions"}],"wp:featuredmedia":[{"embeddable":true,"href":"https:\/\/diarioregionaldigital.com.br\/index.php?rest_route=\/wp\/v2\/media\/133101"}],"wp:attachment":[{"href":"https:\/\/diarioregionaldigital.com.br\/index.php?rest_route=%2Fwp%2Fv2%2Fmedia&parent=134050"}],"wp:term":[{"taxonomy":"category","embeddable":true,"href":"https:\/\/diarioregionaldigital.com.br\/index.php?rest_route=%2Fwp%2Fv2%2Fcategories&post=134050"},{"taxonomy":"post_tag","embeddable":true,"href":"https:\/\/diarioregionaldigital.com.br\/index.php?rest_route=%2Fwp%2Fv2%2Ftags&post=134050"}],"curies":[{"name":"wp","href":"https:\/\/api.w.org\/{rel}","templated":true}]}}