{"id":134045,"date":"2019-02-15T13:31:55","date_gmt":"2019-02-15T15:31:55","guid":{"rendered":"https:\/\/diarioregionaldigital.com.br\/?p=134045"},"modified":"2019-02-15T13:31:55","modified_gmt":"2019-02-15T15:31:55","slug":"mpf-defende-juri-popular-para-acusados-por-tragedia-em-boate-kiss","status":"publish","type":"post","link":"https:\/\/diarioregionaldigital.com.br\/?p=134045","title":{"rendered":"MPF defende j\u00fari popular para acusados por trag\u00e9dia em Boate Kiss"},"content":{"rendered":"<p>Em manifesta\u00e7\u00e3o enviada na noite dessa quinta-feira, 14,\u00a0ao Superior Tribunal de Justi\u00e7a (STJ), o Minist\u00e9rio P\u00fablico Federal (MPF) defendeu que os acusados pela trag\u00e9dia na Boate Kiss sejam julgados por j\u00fari popular. Em\u00a0<span id=\"OBJ_PREFIX_DWT149_com_zimbra_date\" role=\"link\">27 de janeiro<\/span>\u00a0de 2013, a casa noturna em Santa Maria (RS) foi palco de um inc\u00eandio no qual 242 pessoas morreram e outras 636 ficaram feridas.<\/p>\n<p>At\u00e9 o momento, ningu\u00e9m foi responsabilizado criminalmente pela trag\u00e9dia. Em mar\u00e7o do ano passado, o Tribunal de Justi\u00e7a do Rio Grande do Sul (TJ-RS) acolheu um recurso da defesa dos s\u00f3cios da boate e determinou que o caso seja julgado pelo juiz de uma vara criminal de Santa Maria, e n\u00e3o por um j\u00fari popular, conforme queria o Minist\u00e9rio P\u00fablico do Rio Grande do Sul.<\/p>\n<p>O MP-RS e a Associa\u00e7\u00e3o dos Familiares de V\u00edtimas e Sobreviventes da Trag\u00e9dia de Santa Maria (AVTSM) recorreram ao STJ contra a decis\u00e3o da justi\u00e7a estadual, argumentando que os acusados foram denunciados por homic\u00eddio com motivo torpe e f\u00fatil, crime que deve ser julgado por j\u00fari popular.<\/p>\n<p>O relator do recurso especial no STJ \u00e9 o ministro Rog\u00e9rio Schietti, que pediu manifesta\u00e7\u00e3o do MPF sobre o assunto. No parecer enviado nessa quinta-feira, 14, o subprocurador-geral da Rep\u00fablica Alcides Martins afirmou que deve ser mantida a compet\u00eancia de um Tribunal do J\u00fari para julgar o caso, por haver d\u00favidas razo\u00e1veis a respeito do dolo sobre o crime \u2013 ou seja, se os acusados, por omiss\u00e3o, assumiram o risco da trag\u00e9dia.<\/p>\n<p>\u201cA acusa\u00e7\u00e3o, no caso dos autos, n\u00e3o pode ser considerada, de modo algum, desprovida de lastro probat\u00f3rio m\u00ednimo. Na esp\u00e9cie, n\u00e3o se tem &#8211; nem seria o momento em que se torna exig\u00edvel -, o ju\u00edzo de certeza. H\u00e1, contudo, ind\u00edcios do cometimento de crimes dolosos contra a vida, o que autoriza a pron\u00fancia e o prosseguimento do julgamento no Tribunal do J\u00fari\u201d, escreveu o subprocurador.<\/p>\n<p>Entre os acusados como respons\u00e1veis pela trag\u00e9dia est\u00e3o os s\u00f3cios da Boate Kiss, Elissandro Callegaro Spohr e Mauro Londero Hoffmann, bem como os m\u00fasicos Marcelo de Jesus dos Santos e Luciano Augusto Bonilha Le\u00e3o, integrantes da banda Gurizada Fandangueira, que se apresentava no momento em que come\u00e7ou o inc\u00eandio.<\/p>\n<p>&nbsp;<\/p>\n<p>Fonte: Ag\u00eancia Brasil<\/p>\n","protected":false},"excerpt":{"rendered":"<p>Em manifesta\u00e7\u00e3o enviada na noite dessa quinta-feira, 14,\u00a0ao Superior Tribunal de Justi\u00e7a (STJ), o Minist\u00e9rio P\u00fablico Federal (MPF) defendeu que os acusados pela trag\u00e9dia na Boate Kiss sejam julgados por j\u00fari popular. Em\u00a027 de janeiro\u00a0de 2013, a casa noturna em Santa Maria (RS) foi palco de um inc\u00eandio no qual 242 pessoas morreram e outras [&hellip;]<\/p>\n","protected":false},"author":96,"featured_media":134046,"comment_status":"closed","ping_status":"closed","sticky":false,"template":"","format":"standard","meta":{"footnotes":""},"categories":[302,436,262,439],"tags":[],"class_list":["post-134045","post","type-post","status-publish","format-standard","has-post-thumbnail","hentry","category-brasil-mundo","category-destaque-da-semana","category-noticias","category-ultima-hora"],"_links":{"self":[{"href":"https:\/\/diarioregionaldigital.com.br\/index.php?rest_route=\/wp\/v2\/posts\/134045","targetHints":{"allow":["GET"]}}],"collection":[{"href":"https:\/\/diarioregionaldigital.com.br\/index.php?rest_route=\/wp\/v2\/posts"}],"about":[{"href":"https:\/\/diarioregionaldigital.com.br\/index.php?rest_route=\/wp\/v2\/types\/post"}],"author":[{"embeddable":true,"href":"https:\/\/diarioregionaldigital.com.br\/index.php?rest_route=\/wp\/v2\/users\/96"}],"replies":[{"embeddable":true,"href":"https:\/\/diarioregionaldigital.com.br\/index.php?rest_route=%2Fwp%2Fv2%2Fcomments&post=134045"}],"version-history":[{"count":0,"href":"https:\/\/diarioregionaldigital.com.br\/index.php?rest_route=\/wp\/v2\/posts\/134045\/revisions"}],"wp:featuredmedia":[{"embeddable":true,"href":"https:\/\/diarioregionaldigital.com.br\/index.php?rest_route=\/wp\/v2\/media\/134046"}],"wp:attachment":[{"href":"https:\/\/diarioregionaldigital.com.br\/index.php?rest_route=%2Fwp%2Fv2%2Fmedia&parent=134045"}],"wp:term":[{"taxonomy":"category","embeddable":true,"href":"https:\/\/diarioregionaldigital.com.br\/index.php?rest_route=%2Fwp%2Fv2%2Fcategories&post=134045"},{"taxonomy":"post_tag","embeddable":true,"href":"https:\/\/diarioregionaldigital.com.br\/index.php?rest_route=%2Fwp%2Fv2%2Ftags&post=134045"}],"curies":[{"name":"wp","href":"https:\/\/api.w.org\/{rel}","templated":true}]}}