{"id":134016,"date":"2019-02-17T06:00:03","date_gmt":"2019-02-17T09:00:03","guid":{"rendered":"https:\/\/diarioregionaldigital.com.br\/?p=134016"},"modified":"2019-02-14T21:02:45","modified_gmt":"2019-02-14T23:02:45","slug":"proposta-limita-as-taxas-de-juros-para-produtores-rurais","status":"publish","type":"post","link":"https:\/\/diarioregionaldigital.com.br\/?p=134016","title":{"rendered":"Proposta limita as taxas de juros para produtores rurais"},"content":{"rendered":"<p>O Projeto de Lei Complementar (PLP) 12\/19 pretende limitar os juros pagos pelos produtores rurais. Conforme o texto, os juros dever\u00e3o ser limitados \u00e0 taxa Selic em todas as opera\u00e7\u00f5es de cr\u00e9dito para pessoas f\u00edsicas ou jur\u00eddicas que se enquadrarem como produtores rurais.<\/p>\n<p>A Selic \u00e9 a taxa de juros apurada nas opera\u00e7\u00f5es de empr\u00e9stimo de um dia entre institui\u00e7\u00f5es financeiras que utilizam t\u00edtulos p\u00fablicos federais como garantia. Sendo a taxa b\u00e1sica de juros da economia, influencia todas as demais \u2013 em empr\u00e9stimos, financiamentos e aplica\u00e7\u00f5es financeiras.<\/p>\n<p>A proposta est\u00e1 em an\u00e1lise na C\u00e2mara dos Deputados. O autor, deputado Alceu Moreira (MDB-RS), lembrou que o tema foi tratado na legislatura passada (PLP 496\/18). \u201cO mercado financeiro, em vez de apoiar o agroneg\u00f3cio, simplesmente o explora de forma covarde e irrespons\u00e1vel\u201d, disse.<\/p>\n<p>O texto prev\u00ea ainda outro limitador. As taxas de juros n\u00e3o poder\u00e3o ultrapassar 1\/3 da m\u00e9dia praticada pelas institui\u00e7\u00f5es financeiras no trimestre anterior. Com base nessa m\u00e9dia, o Conselho Monet\u00e1rio Nacional (CMN) divulgar\u00e1, trimestralmente, as taxas de juros m\u00e1ximas poss\u00edveis.<\/p>\n<p>Tramita\u00e7\u00e3o<\/p>\n<p>A proposta ser\u00e1 analisada pelas comiss\u00f5es de Agricultura, Pecu\u00e1ria, Abastecimento e Desenvolvimento Rural; de Finan\u00e7as e Tributa\u00e7\u00e3o; e de Constitui\u00e7\u00e3o e Justi\u00e7a e de Cidadania. Depois seguir\u00e1 para o Plen\u00e1rio.<\/p>\n<p>Fonte: Ag\u00eancia C\u00e2mara<\/p>\n","protected":false},"excerpt":{"rendered":"<p>O Projeto de Lei Complementar (PLP) 12\/19 pretende limitar os juros pagos pelos produtores rurais. Conforme o texto, os juros dever\u00e3o ser limitados \u00e0 taxa Selic em todas as opera\u00e7\u00f5es de cr\u00e9dito para pessoas f\u00edsicas ou jur\u00eddicas que se enquadrarem como produtores rurais. A Selic \u00e9 a taxa de juros apurada nas opera\u00e7\u00f5es de empr\u00e9stimo [&hellip;]<\/p>\n","protected":false},"author":96,"featured_media":134017,"comment_status":"closed","ping_status":"closed","sticky":false,"template":"","format":"standard","meta":{"footnotes":""},"categories":[436,254,439],"tags":[],"class_list":["post-134016","post","type-post","status-publish","format-standard","has-post-thumbnail","hentry","category-destaque-da-semana","category-politica","category-ultima-hora"],"_links":{"self":[{"href":"https:\/\/diarioregionaldigital.com.br\/index.php?rest_route=\/wp\/v2\/posts\/134016","targetHints":{"allow":["GET"]}}],"collection":[{"href":"https:\/\/diarioregionaldigital.com.br\/index.php?rest_route=\/wp\/v2\/posts"}],"about":[{"href":"https:\/\/diarioregionaldigital.com.br\/index.php?rest_route=\/wp\/v2\/types\/post"}],"author":[{"embeddable":true,"href":"https:\/\/diarioregionaldigital.com.br\/index.php?rest_route=\/wp\/v2\/users\/96"}],"replies":[{"embeddable":true,"href":"https:\/\/diarioregionaldigital.com.br\/index.php?rest_route=%2Fwp%2Fv2%2Fcomments&post=134016"}],"version-history":[{"count":0,"href":"https:\/\/diarioregionaldigital.com.br\/index.php?rest_route=\/wp\/v2\/posts\/134016\/revisions"}],"wp:featuredmedia":[{"embeddable":true,"href":"https:\/\/diarioregionaldigital.com.br\/index.php?rest_route=\/wp\/v2\/media\/134017"}],"wp:attachment":[{"href":"https:\/\/diarioregionaldigital.com.br\/index.php?rest_route=%2Fwp%2Fv2%2Fmedia&parent=134016"}],"wp:term":[{"taxonomy":"category","embeddable":true,"href":"https:\/\/diarioregionaldigital.com.br\/index.php?rest_route=%2Fwp%2Fv2%2Fcategories&post=134016"},{"taxonomy":"post_tag","embeddable":true,"href":"https:\/\/diarioregionaldigital.com.br\/index.php?rest_route=%2Fwp%2Fv2%2Ftags&post=134016"}],"curies":[{"name":"wp","href":"https:\/\/api.w.org\/{rel}","templated":true}]}}