{"id":134011,"date":"2019-02-17T06:00:27","date_gmt":"2019-02-17T09:00:27","guid":{"rendered":"https:\/\/diarioregionaldigital.com.br\/?p=134011"},"modified":"2019-02-14T21:00:54","modified_gmt":"2019-02-14T23:00:54","slug":"transferencia-de-imoveis-do-inss-para-a-uniao-e-mantida-no-texto-de-mp","status":"publish","type":"post","link":"https:\/\/diarioregionaldigital.com.br\/?p=134011","title":{"rendered":"Transfer\u00eancia de im\u00f3veis do INSS para a Uni\u00e3o \u00e9 mantida no texto de MP"},"content":{"rendered":"<p>O Plen\u00e1rio da C\u00e2mara dos Deputados rejeitou, por 330 votos a 91, o destaque do PCdoB \u00e0 Medida Provis\u00f3ria 852\/18 e manteve no texto a transfer\u00eancia de im\u00f3veis do Instituto Nacional do Seguro Social (INSS) para a Secretaria do Patrim\u00f4nio da Uni\u00e3o (SPU).<\/p>\n<p>Os deputados j\u00e1 aprovaram o texto-base da MP, que trata de v\u00e1rias quest\u00f5es relacionadas a bens im\u00f3veis da Uni\u00e3o, como a transfer\u00eancia ao Tesouro Nacional daqueles em poder do INSS, da permiss\u00e3o para venda de im\u00f3veis da extinta Rede Ferrovi\u00e1ria Federal (RFFSA) e da cess\u00e3o daqueles ocupados por entidades esportivas antes da atual Constitui\u00e7\u00e3o Federal.<\/p>\n<p>Quanto aos im\u00f3veis do INSS, a MP prop\u00f5e a transfer\u00eancia sem pagamento a t\u00edtulo de diminui\u00e7\u00e3o dos d\u00e9bitos do Fundo do Regime Geral de Previd\u00eancia Social (FRGPS) com o Tesouro.<\/p>\n<p>Paridade de vencimentos<\/p>\n<p>Est\u00e1 em debate destaque do PP que pretende incluir na MP trecho do projeto de lei de convers\u00e3o estabelecendo paridade de vencimentos entre os empregados da Companhia Brasileira de Trens Urbanos (CBTU), da Trensurb e da extinta RFFSA.<\/p>\n<p>Fonte: Ag\u00eancia C\u00e2mara<\/p>\n","protected":false},"excerpt":{"rendered":"<p>O Plen\u00e1rio da C\u00e2mara dos Deputados rejeitou, por 330 votos a 91, o destaque do PCdoB \u00e0 Medida Provis\u00f3ria 852\/18 e manteve no texto a transfer\u00eancia de im\u00f3veis do Instituto Nacional do Seguro Social (INSS) para a Secretaria do Patrim\u00f4nio da Uni\u00e3o (SPU). Os deputados j\u00e1 aprovaram o texto-base da MP, que trata de v\u00e1rias [&hellip;]<\/p>\n","protected":false},"author":96,"featured_media":97343,"comment_status":"closed","ping_status":"closed","sticky":false,"template":"","format":"standard","meta":{"footnotes":""},"categories":[436,254,439],"tags":[],"class_list":["post-134011","post","type-post","status-publish","format-standard","has-post-thumbnail","hentry","category-destaque-da-semana","category-politica","category-ultima-hora"],"_links":{"self":[{"href":"https:\/\/diarioregionaldigital.com.br\/index.php?rest_route=\/wp\/v2\/posts\/134011","targetHints":{"allow":["GET"]}}],"collection":[{"href":"https:\/\/diarioregionaldigital.com.br\/index.php?rest_route=\/wp\/v2\/posts"}],"about":[{"href":"https:\/\/diarioregionaldigital.com.br\/index.php?rest_route=\/wp\/v2\/types\/post"}],"author":[{"embeddable":true,"href":"https:\/\/diarioregionaldigital.com.br\/index.php?rest_route=\/wp\/v2\/users\/96"}],"replies":[{"embeddable":true,"href":"https:\/\/diarioregionaldigital.com.br\/index.php?rest_route=%2Fwp%2Fv2%2Fcomments&post=134011"}],"version-history":[{"count":0,"href":"https:\/\/diarioregionaldigital.com.br\/index.php?rest_route=\/wp\/v2\/posts\/134011\/revisions"}],"wp:featuredmedia":[{"embeddable":true,"href":"https:\/\/diarioregionaldigital.com.br\/index.php?rest_route=\/wp\/v2\/media\/97343"}],"wp:attachment":[{"href":"https:\/\/diarioregionaldigital.com.br\/index.php?rest_route=%2Fwp%2Fv2%2Fmedia&parent=134011"}],"wp:term":[{"taxonomy":"category","embeddable":true,"href":"https:\/\/diarioregionaldigital.com.br\/index.php?rest_route=%2Fwp%2Fv2%2Fcategories&post=134011"},{"taxonomy":"post_tag","embeddable":true,"href":"https:\/\/diarioregionaldigital.com.br\/index.php?rest_route=%2Fwp%2Fv2%2Ftags&post=134011"}],"curies":[{"name":"wp","href":"https:\/\/api.w.org\/{rel}","templated":true}]}}