{"id":134004,"date":"2019-02-14T20:59:33","date_gmt":"2019-02-14T22:59:33","guid":{"rendered":"https:\/\/diarioregionaldigital.com.br\/?p=134004"},"modified":"2019-02-14T20:59:33","modified_gmt":"2019-02-14T22:59:33","slug":"final-de-semana-com-tempo-fechado-com-possiveis-pancadas-de-chuva","status":"publish","type":"post","link":"https:\/\/diarioregionaldigital.com.br\/?p=134004","title":{"rendered":"Final de semana com tempo fechado com poss\u00edveis pancadas de chuva"},"content":{"rendered":"<p>O final de semana chega com o tempo fechado em Juiz de Fora, para esta sexta-feira, 15, o dia dever\u00e1 ficar nublado a encoberto com possibilidades de chuva, para a tarde e noite. A previs\u00e3o \u00e9 de c\u00e9u encoberto com pancadas de chuvas e trovoadas isoladas, segundo o Instituto Nacional de Meteorologia (INMET). As temperaturas permanecer\u00e3o entre 18\u00baC e 32\u00baC.<\/p>\n<p>Segundo o INMET, a previs\u00e3o para s\u00e1bado, 16, e domingo, 17, \u00e9 de c\u00e9u encoberto e com temperaturas est\u00e1veis. A temperatura m\u00ednima, prevista para s\u00e1bado, \u00e9 de 19\u00baC, e 20\u00baC no domingo. J\u00e1 a m\u00e1xima, deve permanecer em 24\u00baC para os dois dias.<\/p>\n<div id=\"attachment_134009\" style=\"width: 610px\" class=\"wp-caption aligncenter\"><img loading=\"lazy\" decoding=\"async\" aria-describedby=\"caption-attachment-134009\" class=\"wp-image-134009\" src=\"https:\/\/diarioregionaldigital.com.br\/wp-content\/uploads\/2019\/02\/RAFAELA-FRUTUOSO-USAR-ESSA-2-3-1024x683.jpg\" alt=\"\" width=\"600\" height=\"400\" srcset=\"https:\/\/diarioregionaldigital.com.br\/wp-content\/uploads\/2019\/02\/RAFAELA-FRUTUOSO-USAR-ESSA-2-3-1024x683.jpg 1024w, https:\/\/diarioregionaldigital.com.br\/wp-content\/uploads\/2019\/02\/RAFAELA-FRUTUOSO-USAR-ESSA-2-3-300x200.jpg 300w, https:\/\/diarioregionaldigital.com.br\/wp-content\/uploads\/2019\/02\/RAFAELA-FRUTUOSO-USAR-ESSA-2-3-768x512.jpg 768w, https:\/\/diarioregionaldigital.com.br\/wp-content\/uploads\/2019\/02\/RAFAELA-FRUTUOSO-USAR-ESSA-2-3-360x240.jpg 360w, https:\/\/diarioregionaldigital.com.br\/wp-content\/uploads\/2019\/02\/RAFAELA-FRUTUOSO-USAR-ESSA-2-3.jpg 1037w\" sizes=\"auto, (max-width: 600px) 100vw, 600px\" \/><p id=\"caption-attachment-134009\" class=\"wp-caption-text\">Tempo deve permanecer fechado com a possibilidade de chuvas. Foto: Rafaela Frututuoso<\/p><\/div>\n<p>&nbsp;<\/p>\n","protected":false},"excerpt":{"rendered":"<p>O final de semana chega com o tempo fechado em Juiz de Fora, para esta sexta-feira, 15, o dia dever\u00e1 ficar nublado a encoberto com possibilidades de chuva, para a tarde e noite. A previs\u00e3o \u00e9 de c\u00e9u encoberto com pancadas de chuvas e trovoadas isoladas, segundo o Instituto Nacional de Meteorologia (INMET). As temperaturas [&hellip;]<\/p>\n","protected":false},"author":96,"featured_media":134007,"comment_status":"closed","ping_status":"closed","sticky":false,"template":"","format":"standard","meta":{"footnotes":""},"categories":[253,436,440,439],"tags":[],"class_list":["post-134004","post","type-post","status-publish","format-standard","has-post-thumbnail","hentry","category-cidade","category-destaque-da-semana","category-destaques-do-dia","category-ultima-hora"],"_links":{"self":[{"href":"https:\/\/diarioregionaldigital.com.br\/index.php?rest_route=\/wp\/v2\/posts\/134004","targetHints":{"allow":["GET"]}}],"collection":[{"href":"https:\/\/diarioregionaldigital.com.br\/index.php?rest_route=\/wp\/v2\/posts"}],"about":[{"href":"https:\/\/diarioregionaldigital.com.br\/index.php?rest_route=\/wp\/v2\/types\/post"}],"author":[{"embeddable":true,"href":"https:\/\/diarioregionaldigital.com.br\/index.php?rest_route=\/wp\/v2\/users\/96"}],"replies":[{"embeddable":true,"href":"https:\/\/diarioregionaldigital.com.br\/index.php?rest_route=%2Fwp%2Fv2%2Fcomments&post=134004"}],"version-history":[{"count":0,"href":"https:\/\/diarioregionaldigital.com.br\/index.php?rest_route=\/wp\/v2\/posts\/134004\/revisions"}],"wp:featuredmedia":[{"embeddable":true,"href":"https:\/\/diarioregionaldigital.com.br\/index.php?rest_route=\/wp\/v2\/media\/134007"}],"wp:attachment":[{"href":"https:\/\/diarioregionaldigital.com.br\/index.php?rest_route=%2Fwp%2Fv2%2Fmedia&parent=134004"}],"wp:term":[{"taxonomy":"category","embeddable":true,"href":"https:\/\/diarioregionaldigital.com.br\/index.php?rest_route=%2Fwp%2Fv2%2Fcategories&post=134004"},{"taxonomy":"post_tag","embeddable":true,"href":"https:\/\/diarioregionaldigital.com.br\/index.php?rest_route=%2Fwp%2Fv2%2Ftags&post=134004"}],"curies":[{"name":"wp","href":"https:\/\/api.w.org\/{rel}","templated":true}]}}