{"id":134003,"date":"2019-02-17T06:00:18","date_gmt":"2019-02-17T09:00:18","guid":{"rendered":"https:\/\/diarioregionaldigital.com.br\/?p=134003"},"modified":"2019-02-14T20:56:41","modified_gmt":"2019-02-14T22:56:41","slug":"inss-antecipa-liberacao-de-beneficios-em-brumadinho-para-o-proximo-dia-22","status":"publish","type":"post","link":"https:\/\/diarioregionaldigital.com.br\/?p=134003","title":{"rendered":"INSS antecipa libera\u00e7\u00e3o de benef\u00edcios em Brumadinho para o pr\u00f3ximo dia 22"},"content":{"rendered":"<p>Os segurados do Instituto Nacional do Seguro Social (INSS) que moram no munic\u00edpio de Brumadinho (MG) poder\u00e3o sacar seus benef\u00edcios previdenci\u00e1rios e assistenciais a partir de 22 de fevereiro, j\u00e1 no primeiro dia do calend\u00e1rio de pagamentos do INSS, anunciou a Secretaria da Previd\u00eancia.<\/p>\n<p>Os segurados tamb\u00e9m poder\u00e3o solicitar adiantamento equivalente ao valor de um benef\u00edcio mensal, com libera\u00e7\u00e3o do dinheiro extra em at\u00e9 cinco dias \u00fateis. Uma portaria publicada no Di\u00e1rio Oficial da Uni\u00e3o define como se dar\u00e1 a antecipa\u00e7\u00e3o de benef\u00edcios no munic\u00edpio atingido pelo rompimento da barragem da Mina do C\u00f3rrego do Feij\u00e3o.<\/p>\n<p>Em todo o Brasil, os benef\u00edcios do INSS referentes ao m\u00eas de fevereiro ser\u00e3o pagos entre os dias 22 de fevereiro e 12 de mar\u00e7o, conforme o calend\u00e1rio de pagamentos do instituto. Em Brumadinho, por\u00e9m, os 7.137 segurados, incluindo idosos e deficientes de baixa renda que recebem o Benef\u00edcio de Presta\u00e7\u00e3o Continuada (BPC\/Loas), poder\u00e3o sacar o dinheiro j\u00e1 no primeiro dia de pagamento. O valor total a ser repassado ser\u00e1 de R$10,4 milh\u00f5es. O mesmo procedimento poder\u00e1 ser adotado nos meses seguintes, enquanto durar a situa\u00e7\u00e3o de calamidade p\u00fablica decretada em 25 de janeiro, dia do rompimento.<\/p>\n<p>Os segurados de Brumadinho \u2013 exceto quem recebe benef\u00edcios tempor\u00e1rios, como sal\u00e1rio-maternidade, aux\u00edlio-doen\u00e7a e aux\u00edlio-reclus\u00e3o \u2013 poder\u00e3o solicitar ainda o adiantamento de valor correspondente a uma renda mensal do benef\u00edcio previdenci\u00e1rio ou assistencial a que t\u00eam direito. A l\u00f3gica \u00e9 a mesma de um empr\u00e9stimo, ainda que sem juros nem corre\u00e7\u00e3o monet\u00e1ria: quem optar pela antecipa\u00e7\u00e3o dever\u00e1 ressarcir o valor em at\u00e9 36 parcelas mensais fixas, a partir do terceiro m\u00eas.<\/p>\n<p>O adiantamento estar\u00e1 dispon\u00edvel para 6.648 benefici\u00e1rios que vivem no munic\u00edpio (esse n\u00famero desconsidera quem recebe benef\u00edcios tempor\u00e1rios). Se todos solicitarem a antecipa\u00e7\u00e3o, o valor extra a ser repassado totalizar\u00e1 R$9,9 milh\u00f5es. A iniciativa faz parte do esfor\u00e7o do governo federal para garantir socorro e assist\u00eancia \u00e0 popula\u00e7\u00e3o de Brumadinho.<\/p>\n<p>As duas a\u00e7\u00f5es s\u00e3o destinadas aos segurados domiciliados no munic\u00edpio na data do reconhecimento do estado de calamidade p\u00fablica, mesmo que os benef\u00edcios sejam mantidos em ag\u00eancias de outras localidades.<\/p>\n<p>Fonte: Previd\u00eancia Social<\/p>\n","protected":false},"excerpt":{"rendered":"<p>Os segurados do Instituto Nacional do Seguro Social (INSS) que moram no munic\u00edpio de Brumadinho (MG) poder\u00e3o sacar seus benef\u00edcios previdenci\u00e1rios e assistenciais a partir de 22 de fevereiro, j\u00e1 no primeiro dia do calend\u00e1rio de pagamentos do INSS, anunciou a Secretaria da Previd\u00eancia. Os segurados tamb\u00e9m poder\u00e3o solicitar adiantamento equivalente ao valor de um [&hellip;]<\/p>\n","protected":false},"author":96,"featured_media":134005,"comment_status":"closed","ping_status":"closed","sticky":false,"template":"","format":"standard","meta":{"footnotes":""},"categories":[436,261,439],"tags":[],"class_list":["post-134003","post","type-post","status-publish","format-standard","has-post-thumbnail","hentry","category-destaque-da-semana","category-economia","category-ultima-hora"],"_links":{"self":[{"href":"https:\/\/diarioregionaldigital.com.br\/index.php?rest_route=\/wp\/v2\/posts\/134003","targetHints":{"allow":["GET"]}}],"collection":[{"href":"https:\/\/diarioregionaldigital.com.br\/index.php?rest_route=\/wp\/v2\/posts"}],"about":[{"href":"https:\/\/diarioregionaldigital.com.br\/index.php?rest_route=\/wp\/v2\/types\/post"}],"author":[{"embeddable":true,"href":"https:\/\/diarioregionaldigital.com.br\/index.php?rest_route=\/wp\/v2\/users\/96"}],"replies":[{"embeddable":true,"href":"https:\/\/diarioregionaldigital.com.br\/index.php?rest_route=%2Fwp%2Fv2%2Fcomments&post=134003"}],"version-history":[{"count":0,"href":"https:\/\/diarioregionaldigital.com.br\/index.php?rest_route=\/wp\/v2\/posts\/134003\/revisions"}],"wp:featuredmedia":[{"embeddable":true,"href":"https:\/\/diarioregionaldigital.com.br\/index.php?rest_route=\/wp\/v2\/media\/134005"}],"wp:attachment":[{"href":"https:\/\/diarioregionaldigital.com.br\/index.php?rest_route=%2Fwp%2Fv2%2Fmedia&parent=134003"}],"wp:term":[{"taxonomy":"category","embeddable":true,"href":"https:\/\/diarioregionaldigital.com.br\/index.php?rest_route=%2Fwp%2Fv2%2Fcategories&post=134003"},{"taxonomy":"post_tag","embeddable":true,"href":"https:\/\/diarioregionaldigital.com.br\/index.php?rest_route=%2Fwp%2Fv2%2Ftags&post=134003"}],"curies":[{"name":"wp","href":"https:\/\/api.w.org\/{rel}","templated":true}]}}