{"id":133998,"date":"2019-02-15T06:00:47","date_gmt":"2019-02-15T08:00:47","guid":{"rendered":"https:\/\/diarioregionaldigital.com.br\/?p=133998"},"modified":"2019-03-15T03:34:55","modified_gmt":"2019-03-15T06:34:55","slug":"fim-do-horario-de-verao","status":"publish","type":"post","link":"https:\/\/diarioregionaldigital.com.br\/?p=133998","title":{"rendered":"Fim do Hor\u00e1rio de Ver\u00e3o"},"content":{"rendered":"<p style=\"text-align: center;\"><strong>Reforma Administrativa<\/strong><\/p>\n<p style=\"text-align: center;\">Para adaptar a prefeitura \u00e0 nova realidade mineira e nacional, o prefeito de Juiz de Fora, Ant\u00f4nio Almas (PSDB), sancionou a lei que estabelece uma reforma administrativa com supress\u00e3o de cargos comissionados, acoplamento de secretarias e extin\u00e7\u00e3o de \u00f3rg\u00e3o, tudo com a finalidade de economizar dinheiro e trazer mais agilidade \u00e0 m\u00e1quina municipal.<\/p>\n<p style=\"text-align: center;\"><strong>Tupi<\/strong><\/p>\n<p style=\"text-align: center;\">Vice-lanterna do Campeonato Mineiro de Futebol, o Tupi precisa de uma recupera\u00e7\u00e3o para alegria da torcida Carij\u00f3. Para o jogo muito dif\u00edcil contra o Atl\u00e9tico, marcado para as 19h no s\u00e1bado, 16, o Tupi ainda busca refor\u00e7os. O jogo ser\u00e1 na Arena Independ\u00eancia e o Tupi vai entrar com mentalidade de conseguir pontuar para crescer na tabela e evitar o rebaixamento.<\/p>\n<p style=\"text-align: center;\"><strong>Fim do Hor\u00e1rio de Ver\u00e3o <\/strong><\/p>\n<p style=\"text-align: center;\">Fica ligado, pois no dia 17 termina o hor\u00e1rio de ver\u00e3o brasileiro. Segundo o cl\u00ednico geral Ant\u00f4nio Monteiro, essa altera\u00e7\u00e3o no rel\u00f3gio tem consequ\u00eancia tamb\u00e9m no corpo, especialmente para quem precisa acordar mais cedo. Para Monteiro, o fim da mudan\u00e7a no hor\u00e1rio traz mais transtorno do que seu come\u00e7o.<\/p>\n<p style=\"text-align: center;\"><strong>Agenda <\/strong><\/p>\n<p style=\"text-align: center;\">A presidente da Ascomcer, Alessandra Sampaio, anuncia a programa\u00e7\u00e3o das promo\u00e7\u00f5es do hospital para 2019. A feijoada beneficente ser\u00e1 dia 13 de abril, o arrai\u00e1 ser\u00e1 dia 8 de junho e a corrida solid\u00e1ria dia 27 de outubro. O evento de gala Mesas de Natal ser\u00e1 em novembro, com data a ser confirmada.<\/p>\n<div id=\"attachment_133955\" style=\"width: 690px\" class=\"wp-caption aligncenter\"><img loading=\"lazy\" decoding=\"async\" aria-describedby=\"caption-attachment-133955\" class=\"wp-image-133955\" src=\"https:\/\/diarioregionaldigital.com.br\/wp-content\/uploads\/2019\/02\/fotoa-8.jpg\" alt=\"\" width=\"680\" height=\"453\" srcset=\"https:\/\/diarioregionaldigital.com.br\/wp-content\/uploads\/2019\/02\/fotoa-8.jpg 1764w, https:\/\/diarioregionaldigital.com.br\/wp-content\/uploads\/2019\/02\/fotoa-8-300x200.jpg 300w, https:\/\/diarioregionaldigital.com.br\/wp-content\/uploads\/2019\/02\/fotoa-8-768x512.jpg 768w, https:\/\/diarioregionaldigital.com.br\/wp-content\/uploads\/2019\/02\/fotoa-8-1024x683.jpg 1024w, https:\/\/diarioregionaldigital.com.br\/wp-content\/uploads\/2019\/02\/fotoa-8-360x240.jpg 360w\" sizes=\"auto, (max-width: 680px) 100vw, 680px\" \/><p id=\"caption-attachment-133955\" class=\"wp-caption-text\">A elegante Maria Rita Gomes da Rocha festejando anivers\u00e1rio na 6\u00aa feira, 15, posou com parte de seus muitos familiares. Parab\u00e9ns<\/p><\/div>\n<div id=\"attachment_133956\" style=\"width: 690px\" class=\"wp-caption aligncenter\"><img loading=\"lazy\" decoding=\"async\" aria-describedby=\"caption-attachment-133956\" class=\"wp-image-133956\" src=\"https:\/\/diarioregionaldigital.com.br\/wp-content\/uploads\/2019\/02\/fotob-7-e1550177388778.jpg\" alt=\"\" width=\"680\" height=\"555\" srcset=\"https:\/\/diarioregionaldigital.com.br\/wp-content\/uploads\/2019\/02\/fotob-7-e1550177388778.jpg 1166w, https:\/\/diarioregionaldigital.com.br\/wp-content\/uploads\/2019\/02\/fotob-7-e1550177388778-300x245.jpg 300w, https:\/\/diarioregionaldigital.com.br\/wp-content\/uploads\/2019\/02\/fotob-7-e1550177388778-768x626.jpg 768w, https:\/\/diarioregionaldigital.com.br\/wp-content\/uploads\/2019\/02\/fotob-7-e1550177388778-1024x835.jpg 1024w, https:\/\/diarioregionaldigital.com.br\/wp-content\/uploads\/2019\/02\/fotob-7-e1550177388778-220x180.jpg 220w, https:\/\/diarioregionaldigital.com.br\/wp-content\/uploads\/2019\/02\/fotob-7-e1550177388778-360x294.jpg 360w\" sizes=\"auto, (max-width: 680px) 100vw, 680px\" \/><p id=\"caption-attachment-133956\" class=\"wp-caption-text\">O bonit\u00e3o Jo\u00e3o Victor Alvarez, curtindo o ver\u00e3o de Trancoso<\/p><\/div>\n<div id=\"attachment_133957\" style=\"width: 690px\" class=\"wp-caption aligncenter\"><img loading=\"lazy\" decoding=\"async\" aria-describedby=\"caption-attachment-133957\" class=\"wp-image-133957\" src=\"https:\/\/diarioregionaldigital.com.br\/wp-content\/uploads\/2019\/02\/fotoc-8-e1550177411156.jpg\" alt=\"\" width=\"680\" height=\"486\" srcset=\"https:\/\/diarioregionaldigital.com.br\/wp-content\/uploads\/2019\/02\/fotoc-8-e1550177411156.jpg 1134w, https:\/\/diarioregionaldigital.com.br\/wp-content\/uploads\/2019\/02\/fotoc-8-e1550177411156-300x215.jpg 300w, https:\/\/diarioregionaldigital.com.br\/wp-content\/uploads\/2019\/02\/fotoc-8-e1550177411156-768x549.jpg 768w, https:\/\/diarioregionaldigital.com.br\/wp-content\/uploads\/2019\/02\/fotoc-8-e1550177411156-1024x732.jpg 1024w, https:\/\/diarioregionaldigital.com.br\/wp-content\/uploads\/2019\/02\/fotoc-8-e1550177411156-360x257.jpg 360w, https:\/\/diarioregionaldigital.com.br\/wp-content\/uploads\/2019\/02\/fotoc-8-e1550177411156-100x70.jpg 100w\" sizes=\"auto, (max-width: 680px) 100vw, 680px\" \/><p id=\"caption-attachment-133957\" class=\"wp-caption-text\">As empoderadas Yasmin Marinho e B\u00e1rbara Moreira em noite elegante<\/p><\/div>\n<div id=\"attachment_133958\" style=\"width: 690px\" class=\"wp-caption aligncenter\"><img loading=\"lazy\" decoding=\"async\" aria-describedby=\"caption-attachment-133958\" class=\"wp-image-133958\" src=\"https:\/\/diarioregionaldigital.com.br\/wp-content\/uploads\/2019\/02\/fotod-8-e1550177455204.jpg\" alt=\"\" width=\"680\" height=\"554\" srcset=\"https:\/\/diarioregionaldigital.com.br\/wp-content\/uploads\/2019\/02\/fotod-8-e1550177455204.jpg 1176w, https:\/\/diarioregionaldigital.com.br\/wp-content\/uploads\/2019\/02\/fotod-8-e1550177455204-300x244.jpg 300w, https:\/\/diarioregionaldigital.com.br\/wp-content\/uploads\/2019\/02\/fotod-8-e1550177455204-768x626.jpg 768w, https:\/\/diarioregionaldigital.com.br\/wp-content\/uploads\/2019\/02\/fotod-8-e1550177455204-1024x834.jpg 1024w, https:\/\/diarioregionaldigital.com.br\/wp-content\/uploads\/2019\/02\/fotod-8-e1550177455204-220x180.jpg 220w, https:\/\/diarioregionaldigital.com.br\/wp-content\/uploads\/2019\/02\/fotod-8-e1550177455204-360x293.jpg 360w\" sizes=\"auto, (max-width: 680px) 100vw, 680px\" \/><p id=\"caption-attachment-133958\" class=\"wp-caption-text\">O ver\u00e3o carioca da linda La\u00eds Cruz<\/p><\/div>\n<div id=\"attachment_133961\" style=\"width: 690px\" class=\"wp-caption aligncenter\"><img loading=\"lazy\" decoding=\"async\" aria-describedby=\"caption-attachment-133961\" class=\"wp-image-133961\" src=\"https:\/\/diarioregionaldigital.com.br\/wp-content\/uploads\/2019\/02\/fotog-7-e1550177584289.jpg\" alt=\"\" width=\"680\" height=\"559\" srcset=\"https:\/\/diarioregionaldigital.com.br\/wp-content\/uploads\/2019\/02\/fotog-7-e1550177584289.jpg 1176w, https:\/\/diarioregionaldigital.com.br\/wp-content\/uploads\/2019\/02\/fotog-7-e1550177584289-300x246.jpg 300w, https:\/\/diarioregionaldigital.com.br\/wp-content\/uploads\/2019\/02\/fotog-7-e1550177584289-768x631.jpg 768w, https:\/\/diarioregionaldigital.com.br\/wp-content\/uploads\/2019\/02\/fotog-7-e1550177584289-1024x841.jpg 1024w, https:\/\/diarioregionaldigital.com.br\/wp-content\/uploads\/2019\/02\/fotog-7-e1550177584289-220x180.jpg 220w, https:\/\/diarioregionaldigital.com.br\/wp-content\/uploads\/2019\/02\/fotog-7-e1550177584289-360x296.jpg 360w\" sizes=\"auto, (max-width: 680px) 100vw, 680px\" \/><p id=\"caption-attachment-133961\" class=\"wp-caption-text\">No esquenta para a balada no Privil\u00e8ge, Wellington Silva<\/p><\/div>\n<div id=\"attachment_133962\" style=\"width: 690px\" class=\"wp-caption aligncenter\"><img loading=\"lazy\" decoding=\"async\" aria-describedby=\"caption-attachment-133962\" class=\"wp-image-133962\" src=\"https:\/\/diarioregionaldigital.com.br\/wp-content\/uploads\/2019\/02\/fotoh-7-e1550177615770.jpg\" alt=\"\" width=\"680\" height=\"518\" srcset=\"https:\/\/diarioregionaldigital.com.br\/wp-content\/uploads\/2019\/02\/fotoh-7-e1550177615770.jpg 1093w, https:\/\/diarioregionaldigital.com.br\/wp-content\/uploads\/2019\/02\/fotoh-7-e1550177615770-300x229.jpg 300w, https:\/\/diarioregionaldigital.com.br\/wp-content\/uploads\/2019\/02\/fotoh-7-e1550177615770-768x585.jpg 768w, https:\/\/diarioregionaldigital.com.br\/wp-content\/uploads\/2019\/02\/fotoh-7-e1550177615770-1024x780.jpg 1024w, https:\/\/diarioregionaldigital.com.br\/wp-content\/uploads\/2019\/02\/fotoh-7-e1550177615770-360x274.jpg 360w\" sizes=\"auto, (max-width: 680px) 100vw, 680px\" \/><p id=\"caption-attachment-133962\" class=\"wp-caption-text\">Mulheres poderosas no Restaurante Pal\u00e1cio, J\u00f4 Oliveira e Isa Carvalho<\/p><\/div>\n<div id=\"attachment_133963\" style=\"width: 690px\" class=\"wp-caption aligncenter\"><img loading=\"lazy\" decoding=\"async\" aria-describedby=\"caption-attachment-133963\" class=\"wp-image-133963\" src=\"https:\/\/diarioregionaldigital.com.br\/wp-content\/uploads\/2019\/02\/fotoi-5.jpg\" alt=\"\" width=\"680\" height=\"449\" srcset=\"https:\/\/diarioregionaldigital.com.br\/wp-content\/uploads\/2019\/02\/fotoi-5.jpg 1770w, https:\/\/diarioregionaldigital.com.br\/wp-content\/uploads\/2019\/02\/fotoi-5-300x198.jpg 300w, https:\/\/diarioregionaldigital.com.br\/wp-content\/uploads\/2019\/02\/fotoi-5-768x508.jpg 768w, https:\/\/diarioregionaldigital.com.br\/wp-content\/uploads\/2019\/02\/fotoi-5-1024x677.jpg 1024w, https:\/\/diarioregionaldigital.com.br\/wp-content\/uploads\/2019\/02\/fotoi-5-1440x950.jpg 1440w, https:\/\/diarioregionaldigital.com.br\/wp-content\/uploads\/2019\/02\/fotoi-5-360x238.jpg 360w\" sizes=\"auto, (max-width: 680px) 100vw, 680px\" \/><p id=\"caption-attachment-133963\" class=\"wp-caption-text\">Em tarde de festa na AKASA, Zez\u00e9 do Pandeiro e a filha D\u00e9bora Almada<\/p><\/div>\n<div id=\"attachment_133964\" style=\"width: 690px\" class=\"wp-caption aligncenter\"><img loading=\"lazy\" decoding=\"async\" aria-describedby=\"caption-attachment-133964\" class=\"wp-image-133964\" src=\"https:\/\/diarioregionaldigital.com.br\/wp-content\/uploads\/2019\/02\/fotoj-5-e1550177652604.jpg\" alt=\"\" width=\"680\" height=\"618\" srcset=\"https:\/\/diarioregionaldigital.com.br\/wp-content\/uploads\/2019\/02\/fotoj-5-e1550177652604.jpg 1169w, https:\/\/diarioregionaldigital.com.br\/wp-content\/uploads\/2019\/02\/fotoj-5-e1550177652604-300x273.jpg 300w, https:\/\/diarioregionaldigital.com.br\/wp-content\/uploads\/2019\/02\/fotoj-5-e1550177652604-768x698.jpg 768w, https:\/\/diarioregionaldigital.com.br\/wp-content\/uploads\/2019\/02\/fotoj-5-e1550177652604-1024x930.jpg 1024w, https:\/\/diarioregionaldigital.com.br\/wp-content\/uploads\/2019\/02\/fotoj-5-e1550177652604-360x327.jpg 360w\" sizes=\"auto, (max-width: 680px) 100vw, 680px\" \/><p id=\"caption-attachment-133964\" class=\"wp-caption-text\">Em noite de calor alto ver\u00e3o no Bar do Bigode, o bonit\u00e3o Jean Lucas Gon\u00e7alves<\/p><\/div>\n<div id=\"attachment_133959\" style=\"width: 690px\" class=\"wp-caption aligncenter\"><img loading=\"lazy\" decoding=\"async\" aria-describedby=\"caption-attachment-133959\" class=\"wp-image-133959\" src=\"https:\/\/diarioregionaldigital.com.br\/wp-content\/uploads\/2019\/02\/fotoe-7-e1550177526893.jpg\" alt=\"\" width=\"680\" height=\"500\" srcset=\"https:\/\/diarioregionaldigital.com.br\/wp-content\/uploads\/2019\/02\/fotoe-7-e1550177526893.jpg 1595w, https:\/\/diarioregionaldigital.com.br\/wp-content\/uploads\/2019\/02\/fotoe-7-e1550177526893-300x220.jpg 300w, https:\/\/diarioregionaldigital.com.br\/wp-content\/uploads\/2019\/02\/fotoe-7-e1550177526893-768x564.jpg 768w, https:\/\/diarioregionaldigital.com.br\/wp-content\/uploads\/2019\/02\/fotoe-7-e1550177526893-1024x752.jpg 1024w, https:\/\/diarioregionaldigital.com.br\/wp-content\/uploads\/2019\/02\/fotoe-7-e1550177526893-360x265.jpg 360w\" sizes=\"auto, (max-width: 680px) 100vw, 680px\" \/><p id=\"caption-attachment-133959\" class=\"wp-caption-text\">Curtindo o Boca Mi\u00fada no Restaurante Pal\u00e1cio, Andr\u00e9a Pereira, Lidiane Stambassi, Ana Maria Moraes Lima, Eduardo Gomes e Orne\u00eddes Lima<\/p><\/div>\n<div id=\"attachment_133960\" style=\"width: 690px\" class=\"wp-caption aligncenter\"><img loading=\"lazy\" decoding=\"async\" aria-describedby=\"caption-attachment-133960\" class=\"wp-image-133960\" src=\"https:\/\/diarioregionaldigital.com.br\/wp-content\/uploads\/2019\/02\/fotof-9.jpg\" alt=\"\" width=\"680\" height=\"379\" srcset=\"https:\/\/diarioregionaldigital.com.br\/wp-content\/uploads\/2019\/02\/fotof-9.jpg 1764w, https:\/\/diarioregionaldigital.com.br\/wp-content\/uploads\/2019\/02\/fotof-9-300x167.jpg 300w, https:\/\/diarioregionaldigital.com.br\/wp-content\/uploads\/2019\/02\/fotof-9-768x428.jpg 768w, https:\/\/diarioregionaldigital.com.br\/wp-content\/uploads\/2019\/02\/fotof-9-1024x571.jpg 1024w, https:\/\/diarioregionaldigital.com.br\/wp-content\/uploads\/2019\/02\/fotof-9-360x201.jpg 360w\" sizes=\"auto, (max-width: 680px) 100vw, 680px\" \/><p id=\"caption-attachment-133960\" class=\"wp-caption-text\">Festejando o sucesso da moda ver\u00e3o M.Marques, Larissa Ferreira, Moys\u00e9s Silva, Thaitson Ferreira, Eduardo Gomes, Ricardo Alex, Carlos Eurico e M\u00e1rcio Marques<\/p><\/div>\n<p style=\"text-align: center;\"><strong>FOTOSS\u00cdNTESE<\/strong><\/p>\n<p>A atleta juiz-forana Danielly Vit\u00f3ria est\u00e1 com tudo e n\u00e3o est\u00e1 prosa. Ela conquistou o Grand Slam no t\u00edtulo da categoria j\u00fanior, 41kg, do Taekwondo, realizado no Rio de Janeiro. Para tanto, garantiu vaga para a Pan-Americano em junho nos EUA.<\/p>\n<p>Nesta 6\u00aa feira, 15, a Ascomcer retorna com as atividades do coral, sob a reg\u00eancia de F\u00e1bio Luiz.<\/p>\n<p>De hoje at\u00e9 domingo, o Cal\u00e7ad\u00e3o da S\u00e3o Jo\u00e3o recebe a feira itinerante Mercado Mix Carioca, com estilistas, designers e artes\u00e3os.<\/p>\n<p>No s\u00e1bado, 16, \u00e9 comemorado o Dia do Rep\u00f3rter. Nossa homenagem a todos os bravos guerreiros da comunica\u00e7\u00e3o que tem a miss\u00e3o de levar a not\u00edcia para toda comunidade de Juiz de Fora e regi\u00e3o. Aplausos para Luciany Oliveira, Caio Z\u00f3ia, S\u00e1vio Duque e Rafaela Frutuoso, Elisa Ladeira do Grupo Sircom.<\/p>\n<p>A antiga Esta\u00e7\u00e3o Ferrovi\u00e1ria de Furtado de Campos, em Rio Novo, ser\u00e1 cen\u00e1rio dia 24 para a bonita exposi\u00e7\u00e3o de esculturas criadas com material descartado do artista pl\u00e1stico local Ronildson Ferreira de Oliveira.<\/p>\n<p>No s\u00e1bado, 16, o Bloco Concentra mas n\u00e3o sai&#8230;, pilotado por William Choppinho, promove grito de carnaval, \u00e0s 12h, no Bar do L\u00e9o, na pracinha do Jardim Gl\u00f3ria.<\/p>\n<p>Segue no Museu de Arte Murilo Mendes a coletiva Arte brasileira: Cole\u00e7\u00e3o Murilo Mendes com 50 obras como Ismael Nery, Portinari e Guignard.<\/p>\n<p>No s\u00e1bado, 16, \u00e0s 20h, o MHall estar\u00e1 todo iluminado para o Concurso Rei e Rainha do Carnaval 2019.<\/p>\n<p>Nesta 6\u00aa feira, 15, Marinus Adrianus lan\u00e7a seu livro \u201cAs aventuras de um holand\u00eas no Brasil\u201d, \u00e0s 19h, no Espa\u00e7o Excalibur.<\/p>\n<p>Para concluir. A arrog\u00e2ncia \u00e9 uma estrat\u00e9gia falha. \u00c9 apenas mais uma forma de euforia. N\u00e3o \u00e9 felicidade. Bom dia.<\/p>\n<p><img loading=\"lazy\" decoding=\"async\" class=\"aligncenter size-full wp-image-133259\" src=\"https:\/\/diarioregionaldigital.com.br\/wp-content\/uploads\/2019\/02\/Fashion_6x15.jpg\" alt=\"\" width=\"3484\" height=\"1772\" srcset=\"https:\/\/diarioregionaldigital.com.br\/wp-content\/uploads\/2019\/02\/Fashion_6x15.jpg 3484w, https:\/\/diarioregionaldigital.com.br\/wp-content\/uploads\/2019\/02\/Fashion_6x15-300x153.jpg 300w, https:\/\/diarioregionaldigital.com.br\/wp-content\/uploads\/2019\/02\/Fashion_6x15-768x391.jpg 768w, https:\/\/diarioregionaldigital.com.br\/wp-content\/uploads\/2019\/02\/Fashion_6x15-1024x521.jpg 1024w, https:\/\/diarioregionaldigital.com.br\/wp-content\/uploads\/2019\/02\/Fashion_6x15-360x183.jpg 360w\" sizes=\"auto, (max-width: 3484px) 100vw, 3484px\" \/><\/p>\n","protected":false},"excerpt":{"rendered":"<p>Reforma Administrativa Para adaptar a prefeitura \u00e0 nova realidade mineira e nacional, o prefeito de Juiz de Fora, Ant\u00f4nio Almas (PSDB), sancionou a lei que estabelece uma reforma administrativa com supress\u00e3o de cargos comissionados, acoplamento de secretarias e extin\u00e7\u00e3o de \u00f3rg\u00e3o, tudo com a finalidade de economizar dinheiro e trazer mais agilidade \u00e0 m\u00e1quina municipal. [&hellip;]<\/p>\n","protected":false},"author":96,"featured_media":133955,"comment_status":"closed","ping_status":"closed","sticky":false,"template":"","format":"standard","meta":{"footnotes":""},"categories":[264],"tags":[],"class_list":["post-133998","post","type-post","status-publish","format-standard","has-post-thumbnail","hentry","category-eduardo-gomes"],"_links":{"self":[{"href":"https:\/\/diarioregionaldigital.com.br\/index.php?rest_route=\/wp\/v2\/posts\/133998","targetHints":{"allow":["GET"]}}],"collection":[{"href":"https:\/\/diarioregionaldigital.com.br\/index.php?rest_route=\/wp\/v2\/posts"}],"about":[{"href":"https:\/\/diarioregionaldigital.com.br\/index.php?rest_route=\/wp\/v2\/types\/post"}],"author":[{"embeddable":true,"href":"https:\/\/diarioregionaldigital.com.br\/index.php?rest_route=\/wp\/v2\/users\/96"}],"replies":[{"embeddable":true,"href":"https:\/\/diarioregionaldigital.com.br\/index.php?rest_route=%2Fwp%2Fv2%2Fcomments&post=133998"}],"version-history":[{"count":0,"href":"https:\/\/diarioregionaldigital.com.br\/index.php?rest_route=\/wp\/v2\/posts\/133998\/revisions"}],"wp:featuredmedia":[{"embeddable":true,"href":"https:\/\/diarioregionaldigital.com.br\/index.php?rest_route=\/wp\/v2\/media\/133955"}],"wp:attachment":[{"href":"https:\/\/diarioregionaldigital.com.br\/index.php?rest_route=%2Fwp%2Fv2%2Fmedia&parent=133998"}],"wp:term":[{"taxonomy":"category","embeddable":true,"href":"https:\/\/diarioregionaldigital.com.br\/index.php?rest_route=%2Fwp%2Fv2%2Fcategories&post=133998"},{"taxonomy":"post_tag","embeddable":true,"href":"https:\/\/diarioregionaldigital.com.br\/index.php?rest_route=%2Fwp%2Fv2%2Ftags&post=133998"}],"curies":[{"name":"wp","href":"https:\/\/api.w.org\/{rel}","templated":true}]}}