{"id":133984,"date":"2019-02-17T06:00:23","date_gmt":"2019-02-17T09:00:23","guid":{"rendered":"https:\/\/diarioregionaldigital.com.br\/?p=133984"},"modified":"2019-02-14T19:23:14","modified_gmt":"2019-02-14T21:23:14","slug":"saude-promove-curso-de-gestante-para-mulheres-de-ate-20-anos","status":"publish","type":"post","link":"https:\/\/diarioregionaldigital.com.br\/?p=133984","title":{"rendered":"Sa\u00fade promove curso de gestante para mulheres de at\u00e9 20 anos"},"content":{"rendered":"<p>O Servi\u00e7o de Aten\u00e7\u00e3o \u00e0 Sa\u00fade da Crian\u00e7a e do Adolescente (Sasad) promove, na pr\u00f3xima quarta-feira, 20, curso de gestante para mulheres gr\u00e1vidas de at\u00e9 20 anos que fazem pr\u00e9-natal no Sistema \u00danico de Sa\u00fade (SUS). A aula tem in\u00edcio \u00e0s 10 horas, na sede do Sasad, que fica na rua S\u00e3o Sebasti\u00e3o, 772 &#8211; 4\u00ba andar, Centro.<\/p>\n<p>As interessadas devem se inscrever presencialmente no Sasad ou ligar para o telefone 3690-7171. S\u00e3o oferecidas 12 vagas, e as inscri\u00e7\u00f5es podem ser feitas at\u00e9 o dia do curso, de acordo com a disponibilidade.<\/p>\n<p>Dentre os assuntos que ser\u00e3o abordados, est\u00e3o os cuidados antes e depois da gravidez, a hora do parto, a rela\u00e7\u00e3o emocional da m\u00e3e com o beb\u00ea, dentre outros temas importantes no cuidado da mulher e da crian\u00e7a.<\/p>\n<p>&nbsp;<\/p>\n<p><strong>Doa\u00e7\u00f5es para enxoval<\/strong><\/p>\n<p>Al\u00e9m do curso, o departamento recebe doa\u00e7\u00f5es para compor o enxoval. Podem ser doadas roupas e utens\u00edlios para os beb\u00eas, toalhas e roupas de cama, al\u00e9m de fraldas descart\u00e1veis ou de pano. Os itens devem ser entregues na sede do Servi\u00e7o de Aten\u00e7\u00e3o \u00e0 Sa\u00fade da Crian\u00e7a e do Adolescente. Os pr\u00f3ximos cursos acontecem nos dias 27 de mar\u00e7o e 25 de abril.<\/p>\n<p>Fonte: Assessoria<\/p>\n","protected":false},"excerpt":{"rendered":"<p>O Servi\u00e7o de Aten\u00e7\u00e3o \u00e0 Sa\u00fade da Crian\u00e7a e do Adolescente (Sasad) promove, na pr\u00f3xima quarta-feira, 20, curso de gestante para mulheres gr\u00e1vidas de at\u00e9 20 anos que fazem pr\u00e9-natal no Sistema \u00danico de Sa\u00fade (SUS). A aula tem in\u00edcio \u00e0s 10 horas, na sede do Sasad, que fica na rua S\u00e3o Sebasti\u00e3o, 772 &#8211; [&hellip;]<\/p>\n","protected":false},"author":96,"featured_media":133979,"comment_status":"closed","ping_status":"closed","sticky":false,"template":"","format":"standard","meta":{"footnotes":""},"categories":[253,436,440,439],"tags":[],"class_list":["post-133984","post","type-post","status-publish","format-standard","has-post-thumbnail","hentry","category-cidade","category-destaque-da-semana","category-destaques-do-dia","category-ultima-hora"],"_links":{"self":[{"href":"https:\/\/diarioregionaldigital.com.br\/index.php?rest_route=\/wp\/v2\/posts\/133984","targetHints":{"allow":["GET"]}}],"collection":[{"href":"https:\/\/diarioregionaldigital.com.br\/index.php?rest_route=\/wp\/v2\/posts"}],"about":[{"href":"https:\/\/diarioregionaldigital.com.br\/index.php?rest_route=\/wp\/v2\/types\/post"}],"author":[{"embeddable":true,"href":"https:\/\/diarioregionaldigital.com.br\/index.php?rest_route=\/wp\/v2\/users\/96"}],"replies":[{"embeddable":true,"href":"https:\/\/diarioregionaldigital.com.br\/index.php?rest_route=%2Fwp%2Fv2%2Fcomments&post=133984"}],"version-history":[{"count":0,"href":"https:\/\/diarioregionaldigital.com.br\/index.php?rest_route=\/wp\/v2\/posts\/133984\/revisions"}],"wp:featuredmedia":[{"embeddable":true,"href":"https:\/\/diarioregionaldigital.com.br\/index.php?rest_route=\/wp\/v2\/media\/133979"}],"wp:attachment":[{"href":"https:\/\/diarioregionaldigital.com.br\/index.php?rest_route=%2Fwp%2Fv2%2Fmedia&parent=133984"}],"wp:term":[{"taxonomy":"category","embeddable":true,"href":"https:\/\/diarioregionaldigital.com.br\/index.php?rest_route=%2Fwp%2Fv2%2Fcategories&post=133984"},{"taxonomy":"post_tag","embeddable":true,"href":"https:\/\/diarioregionaldigital.com.br\/index.php?rest_route=%2Fwp%2Fv2%2Ftags&post=133984"}],"curies":[{"name":"wp","href":"https:\/\/api.w.org\/{rel}","templated":true}]}}