{"id":133951,"date":"2019-02-17T06:00:23","date_gmt":"2019-02-17T09:00:23","guid":{"rendered":"https:\/\/diarioregionaldigital.com.br\/?p=133951"},"modified":"2019-02-14T18:34:42","modified_gmt":"2019-02-14T20:34:42","slug":"respeito-a-carta-magna","status":"publish","type":"post","link":"https:\/\/diarioregionaldigital.com.br\/?p=133951","title":{"rendered":"RESPEITO \u00c0  CARTA MAGNA"},"content":{"rendered":"<p>Com a seriedade de sempre, fez-se uma pesquisa Datafolha a respeito do que pensa a popula\u00e7\u00e3o brasileira sobre as perspectivas para 2019. O resultado foi auspicioso: 65% acreditam que as coisas v\u00e3o melhorar.<\/p>\n<p>Se \u00e9 isso que est\u00e1 no esp\u00edrito do povo brasileiro, devemos confiar na sensibilidade do novo governo, com todas as suas promessas de inova\u00e7\u00f5es. Uma delas \u00e9 a discuss\u00e3o sobre o futuro do sistema S, que, em 2017, movimentou um or\u00e7amento de 32,2 bilh\u00f5es de reais, auditados pelo Tribunal de Contas da Uni\u00e3o. Portanto, n\u00e3o \u00e9 exatamente o que se pode chamar de \u201ccaixa preta\u201d.<\/p>\n<p>Esses recursos servem (e muito) para movimentar projetos educacionais de grande porte. O Senai tem 27 mil profissionais empregados e 2,3 milh\u00f5es de alunos em cursos de qualifica\u00e7\u00e3o t\u00e9cnica para o mercado de trabalho, considerados, em geral, como de boa qualidade. O Senac de S\u00e3o Paulo tem uma s\u00e9rie de cursos de n\u00edvel superior sempre muito elogiados, inclusive os que se utilizam da modalidade de educa\u00e7\u00e3o \u00e0 dist\u00e2ncia (EAD).<\/p>\n<p>Al\u00e9m disso, deve-se levar em conta os extraordin\u00e1rios servi\u00e7os culturais do Sesc\/SP. Concluiu o ano com mais de 26 milh\u00f5es de visitantes em suas movimentadas 44 unidades s\u00f3 em S\u00e3o Paulo.<\/p>\n<p>N\u00e3o se pode, pois, desprezar todos esses not\u00e1veis esfor\u00e7os, liderados por duas poderosas confedera\u00e7\u00f5es: a do Com\u00e9rcio (hoje presidida por Jos\u00e9 Roberto Tadros) e a da Ind\u00fastria (comandada por Robson Andrade). Se o desejo \u00e9 mexer nas al\u00edquotas vigentes (de 0,2 a 2,5%) o assunto deve ser posto na mesa para uma discuss\u00e3o democr\u00e1tica. \u00c9 preciso ficar claro que isso tudo \u00e9 regulado por princ\u00edpios constitucionais e que o presidente Jair Bolsonaro reiteradamente tem afirmado que respeitar\u00e1, acima de tudo, a nossa Carta Magna.<\/p>\n<p>O novo desenho na cobran\u00e7a de impostos relativos \u00e0s folhas de sal\u00e1rios provocar\u00e1 grandes discuss\u00f5es, pois n\u00e3o se pode desprezar os servi\u00e7os de relevo nas \u00e1reas de assist\u00eancia social, lazer, educa\u00e7\u00e3o e cultura. Um corte dr\u00e1stico provocaria preju\u00edzos inquestion\u00e1veis.<\/p>\n<p>&nbsp;<\/p>\n<p>&nbsp;<\/p>\n","protected":false},"excerpt":{"rendered":"<p>Com a seriedade de sempre, fez-se uma pesquisa Datafolha a respeito do que pensa a popula\u00e7\u00e3o brasileira sobre as perspectivas para 2019. O resultado foi auspicioso: 65% acreditam que as coisas v\u00e3o melhorar. Se \u00e9 isso que est\u00e1 no esp\u00edrito do povo brasileiro, devemos confiar na sensibilidade do novo governo, com todas as suas promessas [&hellip;]<\/p>\n","protected":false},"author":96,"featured_media":96753,"comment_status":"closed","ping_status":"closed","sticky":false,"template":"","format":"standard","meta":{"footnotes":""},"categories":[275,435,436,439],"tags":[],"class_list":["post-133951","post","type-post","status-publish","format-standard","has-post-thumbnail","hentry","category-arnaldo-niskier","category-colunas","category-destaque-da-semana","category-ultima-hora"],"_links":{"self":[{"href":"https:\/\/diarioregionaldigital.com.br\/index.php?rest_route=\/wp\/v2\/posts\/133951","targetHints":{"allow":["GET"]}}],"collection":[{"href":"https:\/\/diarioregionaldigital.com.br\/index.php?rest_route=\/wp\/v2\/posts"}],"about":[{"href":"https:\/\/diarioregionaldigital.com.br\/index.php?rest_route=\/wp\/v2\/types\/post"}],"author":[{"embeddable":true,"href":"https:\/\/diarioregionaldigital.com.br\/index.php?rest_route=\/wp\/v2\/users\/96"}],"replies":[{"embeddable":true,"href":"https:\/\/diarioregionaldigital.com.br\/index.php?rest_route=%2Fwp%2Fv2%2Fcomments&post=133951"}],"version-history":[{"count":0,"href":"https:\/\/diarioregionaldigital.com.br\/index.php?rest_route=\/wp\/v2\/posts\/133951\/revisions"}],"wp:featuredmedia":[{"embeddable":true,"href":"https:\/\/diarioregionaldigital.com.br\/index.php?rest_route=\/wp\/v2\/media\/96753"}],"wp:attachment":[{"href":"https:\/\/diarioregionaldigital.com.br\/index.php?rest_route=%2Fwp%2Fv2%2Fmedia&parent=133951"}],"wp:term":[{"taxonomy":"category","embeddable":true,"href":"https:\/\/diarioregionaldigital.com.br\/index.php?rest_route=%2Fwp%2Fv2%2Fcategories&post=133951"},{"taxonomy":"post_tag","embeddable":true,"href":"https:\/\/diarioregionaldigital.com.br\/index.php?rest_route=%2Fwp%2Fv2%2Ftags&post=133951"}],"curies":[{"name":"wp","href":"https:\/\/api.w.org\/{rel}","templated":true}]}}