{"id":133946,"date":"2019-02-14T18:53:50","date_gmt":"2019-02-14T20:53:50","guid":{"rendered":"https:\/\/diarioregionaldigital.com.br\/?p=133946"},"modified":"2019-02-14T19:10:43","modified_gmt":"2019-02-14T21:10:43","slug":"aulas-na-rede-municipal-serao-retomadas-na-segunda-feira","status":"publish","type":"post","link":"https:\/\/diarioregionaldigital.com.br\/?p=133946","title":{"rendered":"Aulas na rede municipal ser\u00e3o retomadas na segunda-feira"},"content":{"rendered":"<p>Escolas municipais voltam \u00e0s aulas na pr\u00f3xima segunda-feira, 18. \u00a0Atualmente, a rede municipal conta com 101 escolas que atendem cerca de 40 mil alunos.<\/p>\n<p>No \u00faltimo dia 23 de janeiro, a secret\u00e1ria municipal de Educa\u00e7\u00e3o, Denise Franco, ap\u00f3s uma reuni\u00e3o com diretores de escolas do munic\u00edpio, comunicou o adiamento da volta \u00e0s aulas na rede municipal de Juiz de Fora. Com isso, ficou decidido que o in\u00edcio do per\u00edodo letivo seria dia 18 de fevereiro. A secret\u00e1ria ainda informou que o Calend\u00e1rio Escolar seria reajustado para cumprimento \u00e0 carga hor\u00e1ria prevista em lei, garantindo aos alunos da rede municipal os 200 dias letivos e 800 horas de atividades.<\/p>\n<p>A justificativa para a altera\u00e7\u00e3o da data foi em raz\u00e3o do d\u00e9ficit financeiro vivenciado pela administra\u00e7\u00e3o municipal decorrente da falta de repasses por parte do Governo do Estado, que na data do an\u00fancio do adiamento das aulas, ultrapassava R$200 milh\u00f5es. Tamb\u00e9m foi falado sobre os constantes atrasos no pagamento dos repasses advindos da cobran\u00e7a de impostos como Imposto sobre a Propriedade de Ve\u00edculos Automotores (IPVA), Imposto sobre Circula\u00e7\u00e3o de Mercadorias e Servi\u00e7os (ICMS) e Fundo de Manuten\u00e7\u00e3o e Desenvolvimento da Educa\u00e7\u00e3o B\u00e1sica (Fundeb) em 2018 e tamb\u00e9m a valores que, at\u00e9 a data do an\u00fancio, n\u00e3o haviam sido quitados no in\u00edcio de 2019.<\/p>\n<p><strong>Settra divulga lista de ve\u00edculos escolares aprovados na vistoria de janeiro<\/strong><\/p>\n<p>Mais de 250 ve\u00edculos escolares foram aprovados na vistoria realizada em janeiro deste ano pela equipe de Supervis\u00e3o de Vistoria e Fiscaliza\u00e7\u00e3o de Transporte (SVTF) da Secretaria de Transporte e Tr\u00e2nsito (Settra). A lista com os aprovados est\u00e1 dispon\u00edvel no portal da Prefeitura de Juiz de Fora <a href=\"https:\/\/www.pjf.mg.gov.br\/secretarias\/settra\/servicos\/transporte_escolar\/vistoriados_aprovados.php\">PJF<\/a>.<\/p>\n<p>A vistoria \u00e9 indispens\u00e1vel, para que o propriet\u00e1rio do ve\u00edculo tenha a posse ou a renova\u00e7\u00e3o do Cart\u00e3o de Identifica\u00e7\u00e3o Escolar (CIV), documento obrigat\u00f3rio para exercer a atividade regularmente.<\/p>\n<p><strong>Den\u00fancias<\/strong><\/p>\n<p>A popula\u00e7\u00e3o tamb\u00e9m pode ajudar na fiscaliza\u00e7\u00e3o, quando verificar algum ve\u00edculo efetuando o transporte de forma irregular. O contato \u00e9 pelo telefone 3690-8218 ou endere\u00e7o eletr\u00f4nico settraatende@pjf.mg.gov.br. \u00c9 importante informar hor\u00e1rio, dia e placa do ve\u00edculo.<\/p>\n","protected":false},"excerpt":{"rendered":"<p>Escolas municipais voltam \u00e0s aulas na pr\u00f3xima segunda-feira, 18. \u00a0Atualmente, a rede municipal conta com 101 escolas que atendem cerca de 40 mil alunos. No \u00faltimo dia 23 de janeiro, a secret\u00e1ria municipal de Educa\u00e7\u00e3o, Denise Franco, ap\u00f3s uma reuni\u00e3o com diretores de escolas do munic\u00edpio, comunicou o adiamento da volta \u00e0s aulas na rede [&hellip;]<\/p>\n","protected":false},"author":96,"featured_media":133973,"comment_status":"closed","ping_status":"closed","sticky":false,"template":"","format":"standard","meta":{"footnotes":""},"categories":[253,436,440,439],"tags":[],"class_list":["post-133946","post","type-post","status-publish","format-standard","has-post-thumbnail","hentry","category-cidade","category-destaque-da-semana","category-destaques-do-dia","category-ultima-hora"],"_links":{"self":[{"href":"https:\/\/diarioregionaldigital.com.br\/index.php?rest_route=\/wp\/v2\/posts\/133946","targetHints":{"allow":["GET"]}}],"collection":[{"href":"https:\/\/diarioregionaldigital.com.br\/index.php?rest_route=\/wp\/v2\/posts"}],"about":[{"href":"https:\/\/diarioregionaldigital.com.br\/index.php?rest_route=\/wp\/v2\/types\/post"}],"author":[{"embeddable":true,"href":"https:\/\/diarioregionaldigital.com.br\/index.php?rest_route=\/wp\/v2\/users\/96"}],"replies":[{"embeddable":true,"href":"https:\/\/diarioregionaldigital.com.br\/index.php?rest_route=%2Fwp%2Fv2%2Fcomments&post=133946"}],"version-history":[{"count":0,"href":"https:\/\/diarioregionaldigital.com.br\/index.php?rest_route=\/wp\/v2\/posts\/133946\/revisions"}],"wp:featuredmedia":[{"embeddable":true,"href":"https:\/\/diarioregionaldigital.com.br\/index.php?rest_route=\/wp\/v2\/media\/133973"}],"wp:attachment":[{"href":"https:\/\/diarioregionaldigital.com.br\/index.php?rest_route=%2Fwp%2Fv2%2Fmedia&parent=133946"}],"wp:term":[{"taxonomy":"category","embeddable":true,"href":"https:\/\/diarioregionaldigital.com.br\/index.php?rest_route=%2Fwp%2Fv2%2Fcategories&post=133946"},{"taxonomy":"post_tag","embeddable":true,"href":"https:\/\/diarioregionaldigital.com.br\/index.php?rest_route=%2Fwp%2Fv2%2Ftags&post=133946"}],"curies":[{"name":"wp","href":"https:\/\/api.w.org\/{rel}","templated":true}]}}